{"id":4245,"date":"2014-08-14T13:26:51","date_gmt":"2014-08-14T13:26:51","guid":{"rendered":"http:\/\/www.ecuadoraldia.com.ec\/?p=4245"},"modified":"2014-08-14T13:26:51","modified_gmt":"2014-08-14T13:26:51","slug":"una-nina-de-seis-anos-fue-castigada-por-su-tia-con-un-latigo-y-agua-caliente","status":"publish","type":"post","link":"https:\/\/www.ecuadoraldia.com.ec\/?p=4245","title":{"rendered":"Una ni\u00f1a de seis a\u00f1os fue castigada por su t\u00eda con un l\u00e1tigo y agua caliente"},"content":{"rendered":"<p><a href=\"http:\/\/www.ecuadoraldia.com.ec\/wp-content\/uploads\/2014\/08\/nina.jpg\"><img loading=\"lazy\" decoding=\"async\" class=\"alignleft size-medium wp-image-4246\" src=\"http:\/\/www.ecuadoraldia.com.ec\/wp-content\/uploads\/2014\/08\/nina-300x199.jpg\" alt=\"nina\" width=\"300\" height=\"199\" srcset=\"https:\/\/www.ecuadoraldia.com.ec\/wp-content\/uploads\/2014\/08\/nina-300x199.jpg 300w, https:\/\/www.ecuadoraldia.com.ec\/wp-content\/uploads\/2014\/08\/nina.jpg 560w\" sizes=\"(max-width: 300px) 100vw, 300px\" \/><\/a>Un supuesto mal comportamiento de una ni\u00f1a de seis a\u00f1os, habr\u00eda provocado que su t\u00eda la castigue con un l\u00e1tigo y que adem\u00e1s le lance una olla con agua caliente. Como consecuencia de la agresi\u00f3n, la menor de edad se encuentra ingresada en el hospital de ni\u00f1os Roberto Gilbert. Mientras que la presunta agresora fue detenida y procesada.<\/p>\n<p>De los padres de la afectada no se conoce el paradero. Pero, seg\u00fan un parte policial, la peque\u00f1a fue auxiliada por el esposo de su t\u00eda.<\/p>\n<p>El hecho, seg\u00fan el documento, ocurri\u00f3 hace cuatro d\u00edas. Sin embargo, el martes, una patrulla policial avanz\u00f3 hasta el hospital Universitario donde los agentes se contactaron con la trabajadora social. La entrevistada les inform\u00f3 que aproximadamente a las 18:00 del lunes, ingres\u00f3 una ni\u00f1a de seis a\u00f1os que presentaba lesiones visibles en su cuerpo como consecuencia del maltrato f\u00edsico con un l\u00e1tigo, m\u00e1s quemaduras de primer grado en su t\u00f3rax, abdomen y piernas.<\/p>\n<p>Los investigadores junto con la denunciante acudieron a la sala 4 del \u00e1rea de Pediatr\u00eda, donde comprobaron la presencia de la menor de edad, quien se encontraba acompa\u00f1ada de otra t\u00eda materna.<\/p>\n<p>La doctora tratante inform\u00f3 a los polic\u00edas que la ni\u00f1a ingres\u00f3 con cuadro cr\u00edtico de agresi\u00f3n \u00abcon vapor de agua y objeto caliente, m\u00e1s agresi\u00f3n f\u00edsica severa con objeto contundente duro\u00bb.<\/p>\n<p>Los uniformados tambi\u00e9n se contactaron con la ni\u00f1a. Ella narr\u00f3 que el lunes, aproximadamente a las 14:00, su t\u00eda la castig\u00f3 con un l\u00e1tigo y luego le lanz\u00f3 una olla con agua hirviendo, \u00abdebido a su mal comportamiento\u00bb. A\u00f1adi\u00f3 que luego de varias horas fue auxiliada por el conviviente de su t\u00eda, quien la traslad\u00f3 al hospital Universitario. Dos familiares de la infante contaron a los investigadores que, despu\u00e9s del hecho, la supuesta agresora huy\u00f3 y que se hallaba escondida en una casa de la Isla Trinitaria, donde fue detenida. CCQ<\/p>\n","protected":false},"excerpt":{"rendered":"<p>Un supuesto mal comportamiento de una ni\u00f1a de seis a\u00f1os, habr\u00eda provocado que su t\u00eda la castigue con un l\u00e1tigo<\/p>\n","protected":false},"author":1,"featured_media":0,"comment_status":"open","ping_status":"open","sticky":false,"template":"","format":"standard","meta":{"footnotes":""},"categories":[5],"tags":[],"_links":{"self":[{"href":"https:\/\/www.ecuadoraldia.com.ec\/index.php?rest_route=\/wp\/v2\/posts\/4245"}],"collection":[{"href":"https:\/\/www.ecuadoraldia.com.ec\/index.php?rest_route=\/wp\/v2\/posts"}],"about":[{"href":"https:\/\/www.ecuadoraldia.com.ec\/index.php?rest_route=\/wp\/v2\/types\/post"}],"author":[{"embeddable":true,"href":"https:\/\/www.ecuadoraldia.com.ec\/index.php?rest_route=\/wp\/v2\/users\/1"}],"replies":[{"embeddable":true,"href":"https:\/\/www.ecuadoraldia.com.ec\/index.php?rest_route=%2Fwp%2Fv2%2Fcomments&post=4245"}],"version-history":[{"count":1,"href":"https:\/\/www.ecuadoraldia.com.ec\/index.php?rest_route=\/wp\/v2\/posts\/4245\/revisions"}],"predecessor-version":[{"id":4247,"href":"https:\/\/www.ecuadoraldia.com.ec\/index.php?rest_route=\/wp\/v2\/posts\/4245\/revisions\/4247"}],"wp:attachment":[{"href":"https:\/\/www.ecuadoraldia.com.ec\/index.php?rest_route=%2Fwp%2Fv2%2Fmedia&parent=4245"}],"wp:term":[{"taxonomy":"category","embeddable":true,"href":"https:\/\/www.ecuadoraldia.com.ec\/index.php?rest_route=%2Fwp%2Fv2%2Fcategories&post=4245"},{"taxonomy":"post_tag","embeddable":true,"href":"https:\/\/www.ecuadoraldia.com.ec\/index.php?rest_route=%2Fwp%2Fv2%2Ftags&post=4245"}],"curies":[{"name":"wp","href":"https:\/\/api.w.org\/{rel}","templated":true}]}}