{"id":4248,"date":"2014-08-14T13:30:59","date_gmt":"2014-08-14T13:30:59","guid":{"rendered":"http:\/\/www.ecuadoraldia.com.ec\/?p=4248"},"modified":"2014-08-14T13:30:59","modified_gmt":"2014-08-14T13:30:59","slug":"lasso-la-consulta-popular-sera-en-septiembre-de-2015","status":"publish","type":"post","link":"https:\/\/www.ecuadoraldia.com.ec\/?p=4248","title":{"rendered":"Lasso: la consulta popular ser\u00e1 en septiembre de 2015"},"content":{"rendered":"<p><a href=\"http:\/\/www.ecuadoraldia.com.ec\/wp-content\/uploads\/2014\/08\/guillermo-lasso_.jpg\"><img loading=\"lazy\" decoding=\"async\" class=\"alignleft size-medium wp-image-4249\" src=\"http:\/\/www.ecuadoraldia.com.ec\/wp-content\/uploads\/2014\/08\/guillermo-lasso_-300x221.jpg\" alt=\"guillermo-lasso_\" width=\"300\" height=\"221\" srcset=\"https:\/\/www.ecuadoraldia.com.ec\/wp-content\/uploads\/2014\/08\/guillermo-lasso_-300x221.jpg 300w, https:\/\/www.ecuadoraldia.com.ec\/wp-content\/uploads\/2014\/08\/guillermo-lasso_.jpg 456w\" sizes=\"(max-width: 300px) 100vw, 300px\" \/><\/a><\/p>\n<p>El presidente, Rafael Correa, dio el visto bueno a la mayor\u00eda oficialista del Legislativo para enmendar la Constituci\u00f3n. Su pronunciamiento, el 24 de mayo, se contrarresta con una publicaci\u00f3n de El Tel\u00e9grafo en la que mencionaba la importancia de renovar a las autoridades, puntualiza Lasso.<\/p>\n<p>\u201cLa alternancia es vital para la democracia\u201d. La posici\u00f3n del excandidato, quien qued\u00f3 en segundo lugar en las elecciones de 2013, con el 22,68%, no ha cambiado. Inclusive, recuerda que en ning\u00fan momento alguien ha intentado o permitido que se apruebe la reelecci\u00f3n indefinida.<\/p>\n<p>\u2018El tiempo apremia\u2019<\/p>\n<p>Han pasado unos minutos de la entrevista. Dej\u00f3 de lucir preocupado por los temblores. Su atenci\u00f3n en ese momento se la lleva lo que \u00e9l denomina la \u201cintervenci\u00f3n del Estado controlador\u201d en \u201clos proyectos de 14 millones de ecuatorianos\u201d.<\/p>\n<p>Preocupado por \u201cla vigilancia, persecuci\u00f3n y excesiva punici\u00f3n que se ha instaurado\u201d. Por la \u201cintervenci\u00f3n en la actividad privada y las libertades individuales\u201d.<\/p>\n<p>Con el tiempo encima, prepara con su movimiento un pedido de consulta popular, que incluir\u00e1 entre cinco y 10 preguntas. Est\u00e1 consciente de que PAIS tiene previsto que hasta octubre del pr\u00f3ximo a\u00f1o est\u00e9n aprobados los cambios constitucionales.<\/p>\n<p>Por eso, seg\u00fan sus previsiones, en septiembre de 2015 se har\u00e1 la consulta popular. \u201cCREO no es ingenuo\u201d, dice cuando se refiere a posibles interferencias que podr\u00edan generarse desde el Consejo Nacional Electoral (CNE) y la Corte Constitucional (CC) y que afectar\u00edan los tiempos.<\/p>\n<p>La Corte actualmente revisa la propuesta entregada por la Asamblea Nacional para determinar si el mecanismo a utilizar ser\u00e1 una enmienda o una reforma constitucional. En caso de que resuelva aplicar la primera alternativa, CREO se lanzar\u00e1 a la consulta.<\/p>\n<p>Lasso tiene en mente convocar una veedur\u00eda internacional para que revise el proceso. Adem\u00e1s, estar\u00e1 pendiente de que se cumplan los plazos establecidos.<\/p>\n<p>Lo que prepara<\/p>\n<p>\u201cLa consulta tendr\u00e1 preguntas multicriterio, que respondan al inter\u00e9s de la ciudadan\u00eda y no de un dirigente pol\u00edtico\u201d. Lasso dice que, a pesar de que las preguntas ser\u00e1n elaboradas desde su movimiento, su contenido se enfocar\u00e1 en los temas \u201cque les interesan a los ecuatorianos\u201d.<\/p>\n<p>El segundo criterio de la consulta ser\u00e1 el trabajo con otras organizaciones pol\u00edticas o sociales que quieran aportar a la propuesta. \u201cLa unidad se construir\u00e1 en base a las preguntas\u201d, aunque \u201cser\u00e1n bienvenidas las preguntas de otros sectores\u201d, explica. Todav\u00eda no ha mantenido conversaciones con dirigentes de otras tiendas pol\u00edticas.<\/p>\n<p>En las elecciones presidenciales pasadas, 1\u2019951.102 personas votaron por el binomio de Lasso y Juan Carlos Solines.<\/p>\n<p>Ahora, el exbanquero sabe que dirigir un proceso de consulta popular es un riesgo, porque est\u00e1 poniendo su \u201ccapital pol\u00edtico\u201d en juego. El objetivo de asumir el tema es enfrentar a ese \u201cEstado controlador\u201d, a trav\u00e9s de un nuevo gobierno cuando termine el per\u00edodo de Correa, en 2017.<\/p>\n<p>Es prudente cuando habla de una revocatoria de mandato o qu\u00e9 pasar\u00e1 cuando lleguen las pr\u00f3ximas elecciones. Dice que primero hay que enfocarse en las enmiendas y \u201cno dar por sentado que se aprobar\u00e1n\u201d.<\/p>\n<p>\u00c9l ha revisado la encuesta de Cedatos que establece que el 60,8% de los ecuatorianos quiere una consulta popular y que el 53% no est\u00e1 de acuerdo con una reelecci\u00f3n indefinida aprobada a trav\u00e9s de la Asamblea Nacional.<\/p>\n<p>En la sala se siente una r\u00e9plica del sismo, el nerviosismo aparece brevemente en Lasso. \u201cEstamos al vaiv\u00e9n del Estado controlador\u201d, bromea. Sin embargo, est\u00e1 seguro de que los ecuatorianos no se han acostumbrado a esa \u201cintromisi\u00f3n\u201d. (El telegrafo)<\/p>\n<p>1\u2019951.102<br \/>\npersonas votaron por Lasso en la \u00faltima elecci\u00f3n presidencial.<\/p>\n","protected":false},"excerpt":{"rendered":"<p>El presidente, Rafael Correa, dio el visto bueno a la mayor\u00eda oficialista del Legislativo para enmendar la Constituci\u00f3n. Su pronunciamiento,<\/p>\n","protected":false},"author":1,"featured_media":0,"comment_status":"open","ping_status":"open","sticky":false,"template":"","format":"standard","meta":{"footnotes":""},"categories":[3],"tags":[],"_links":{"self":[{"href":"https:\/\/www.ecuadoraldia.com.ec\/index.php?rest_route=\/wp\/v2\/posts\/4248"}],"collection":[{"href":"https:\/\/www.ecuadoraldia.com.ec\/index.php?rest_route=\/wp\/v2\/posts"}],"about":[{"href":"https:\/\/www.ecuadoraldia.com.ec\/index.php?rest_route=\/wp\/v2\/types\/post"}],"author":[{"embeddable":true,"href":"https:\/\/www.ecuadoraldia.com.ec\/index.php?rest_route=\/wp\/v2\/users\/1"}],"replies":[{"embeddable":true,"href":"https:\/\/www.ecuadoraldia.com.ec\/index.php?rest_route=%2Fwp%2Fv2%2Fcomments&post=4248"}],"version-history":[{"count":1,"href":"https:\/\/www.ecuadoraldia.com.ec\/index.php?rest_route=\/wp\/v2\/posts\/4248\/revisions"}],"predecessor-version":[{"id":4250,"href":"https:\/\/www.ecuadoraldia.com.ec\/index.php?rest_route=\/wp\/v2\/posts\/4248\/revisions\/4250"}],"wp:attachment":[{"href":"https:\/\/www.ecuadoraldia.com.ec\/index.php?rest_route=%2Fwp%2Fv2%2Fmedia&parent=4248"}],"wp:term":[{"taxonomy":"category","embeddable":true,"href":"https:\/\/www.ecuadoraldia.com.ec\/index.php?rest_route=%2Fwp%2Fv2%2Fcategories&post=4248"},{"taxonomy":"post_tag","embeddable":true,"href":"https:\/\/www.ecuadoraldia.com.ec\/index.php?rest_route=%2Fwp%2Fv2%2Ftags&post=4248"}],"curies":[{"name":"wp","href":"https:\/\/api.w.org\/{rel}","templated":true}]}}