{"id":4251,"date":"2014-08-14T13:36:51","date_gmt":"2014-08-14T13:36:51","guid":{"rendered":"http:\/\/www.ecuadoraldia.com.ec\/?p=4251"},"modified":"2014-08-14T13:45:39","modified_gmt":"2014-08-14T13:45:39","slug":"san-lorenzo-compeon-de-la-libertadores-de-america","status":"publish","type":"post","link":"https:\/\/www.ecuadoraldia.com.ec\/?p=4251","title":{"rendered":"San Lorenzo  compe\u00f3n de la Libertadores de Am\u00e9rica"},"content":{"rendered":"<p><a href=\"http:\/\/www.ecuadoraldia.com.ec\/wp-content\/uploads\/2014\/08\/sl.jpg\"><img loading=\"lazy\" decoding=\"async\" class=\"alignleft size-medium wp-image-4254\" src=\"http:\/\/www.ecuadoraldia.com.ec\/wp-content\/uploads\/2014\/08\/sl-300x194.jpg\" alt=\"sl\" width=\"300\" height=\"194\" srcset=\"https:\/\/www.ecuadoraldia.com.ec\/wp-content\/uploads\/2014\/08\/sl-300x194.jpg 300w, https:\/\/www.ecuadoraldia.com.ec\/wp-content\/uploads\/2014\/08\/sl.jpg 470w\" sizes=\"(max-width: 300px) 100vw, 300px\" \/><\/a>AFP. \u00a1Campe\u00f3n! San Lorenzo gana 1-0 al Nacional y se queda con la Copa Libertadores<br \/>\nSan Lorenzo de Argentina celebr\u00f3 ayer su noche de gloria al alzar por primera vez en su historia la Copa Libertadores de Am\u00e9rica con una ajustada y dram\u00e1tica victoria 1-0 de penal frente a Nacional de Paraguay, un duro rival que luch\u00f3 con dinamismo e inteligencia.<\/p>\n<p>El gol de la victoria, anotado de penal por N\u00e9stor Ortigoza a los 36 minutos, no reflej\u00f3 el desarrollo por el dominio territorial y de control del juego que ejerci\u00f3 durante casi todo el encuentro la escuadra guaran\u00ed.<\/p>\n<p>M\u00e1s de 40.000 almas festejaron hasta el delirio la conquista de uno de los grandes del f\u00fatbol argentino, apodados El Cicl\u00f3n, Los Cuervos o Los Santos, que tuvo que esperar 54 a\u00f1os para ganar el trofeo luego de haber sido eliminado en semifinales de la primera edici\u00f3n de 1960.<\/p>\n<p>Rompi\u00f3 el hechizo que duraba desde que fue el primer equipo argentino en jugar la Copa y cedi\u00f3 por dinero la condici\u00f3n de local a Pe\u00f1arol de Uruguay en 1960, en la primera edici\u00f3n, para un encuentro de desempate que ganaron los aurinegros.<\/p>\n<p>En el partido de ida en Asunci\u00f3n empataron 1-1. El p\u00fablico argentino despidi\u00f3 a los paraguayos con sonoro aplauso.<\/p>\n<p>La consagraci\u00f3n de San Lorenzo le reserva un lugar en el Mundial de Clubes de la FIFA que se disputar\u00e1 en Marruecos en diciembre pr\u00f3ximo.<\/p>\n<p>Su hincha y socio m\u00e1s famoso, el papa Francisco, hab\u00eda dicho ayer antes del partido que \u201choy es un d\u00eda especial\u201d.<\/p>\n<p>San Lorenzo es uno de los cinco clubes m\u00e1s grandes de Argentina con una nutrida falange de hinchas, doce t\u00edtulos en primera divisi\u00f3n profesional, una Copa Mercosur (2001) y la Sudamericana (2002).<\/p>\n<p>El DT de San Lorenzo, Edgardo Bauza, admiti\u00f3 que su equipo no jug\u00f3 bien ante Nacional de Paraguay, pero destac\u00f3 que se consigui\u00f3 lo importante, que era ganar la Copa Libertadores por primera vez en la historia.<\/p>\n<p>\u201cEl equipo jug\u00f3 muy tensionado. Mejoramos algo en el segundo tiempo, pero no rendimos como podemos. Lo ve\u00eda en los d\u00edas previos, jugamos muy nerviosos, pero hab\u00eda que ganar la Copa y la ganamos\u201d, destac\u00f3 el Pat\u00f3n Bauza, que convirti\u00f3 a Liga de Quito, en el 2008, en el primer club de Ecuador en ganar la Libertadores.<\/p>\n","protected":false},"excerpt":{"rendered":"<p>AFP. \u00a1Campe\u00f3n! San Lorenzo gana 1-0 al Nacional y se queda con la Copa Libertadores San Lorenzo de Argentina celebr\u00f3<\/p>\n","protected":false},"author":1,"featured_media":0,"comment_status":"open","ping_status":"open","sticky":false,"template":"","format":"standard","meta":{"footnotes":""},"categories":[10],"tags":[],"_links":{"self":[{"href":"https:\/\/www.ecuadoraldia.com.ec\/index.php?rest_route=\/wp\/v2\/posts\/4251"}],"collection":[{"href":"https:\/\/www.ecuadoraldia.com.ec\/index.php?rest_route=\/wp\/v2\/posts"}],"about":[{"href":"https:\/\/www.ecuadoraldia.com.ec\/index.php?rest_route=\/wp\/v2\/types\/post"}],"author":[{"embeddable":true,"href":"https:\/\/www.ecuadoraldia.com.ec\/index.php?rest_route=\/wp\/v2\/users\/1"}],"replies":[{"embeddable":true,"href":"https:\/\/www.ecuadoraldia.com.ec\/index.php?rest_route=%2Fwp%2Fv2%2Fcomments&post=4251"}],"version-history":[{"count":3,"href":"https:\/\/www.ecuadoraldia.com.ec\/index.php?rest_route=\/wp\/v2\/posts\/4251\/revisions"}],"predecessor-version":[{"id":4256,"href":"https:\/\/www.ecuadoraldia.com.ec\/index.php?rest_route=\/wp\/v2\/posts\/4251\/revisions\/4256"}],"wp:attachment":[{"href":"https:\/\/www.ecuadoraldia.com.ec\/index.php?rest_route=%2Fwp%2Fv2%2Fmedia&parent=4251"}],"wp:term":[{"taxonomy":"category","embeddable":true,"href":"https:\/\/www.ecuadoraldia.com.ec\/index.php?rest_route=%2Fwp%2Fv2%2Fcategories&post=4251"},{"taxonomy":"post_tag","embeddable":true,"href":"https:\/\/www.ecuadoraldia.com.ec\/index.php?rest_route=%2Fwp%2Fv2%2Ftags&post=4251"}],"curies":[{"name":"wp","href":"https:\/\/api.w.org\/{rel}","templated":true}]}}