{"id":4257,"date":"2014-08-14T13:47:06","date_gmt":"2014-08-14T13:47:06","guid":{"rendered":"http:\/\/www.ecuadoraldia.com.ec\/?p=4257"},"modified":"2014-08-14T13:47:06","modified_gmt":"2014-08-14T13:47:06","slug":"ecuador-obtiene-creditos-de-la-india-por-142-millones","status":"publish","type":"post","link":"https:\/\/www.ecuadoraldia.com.ec\/?p=4257","title":{"rendered":"Ecuador obtiene cr\u00e9ditos de la India por 142 millones"},"content":{"rendered":"<p><a href=\"http:\/\/www.ecuadoraldia.com.ec\/wp-content\/uploads\/2014\/08\/ari.jpg\"><img loading=\"lazy\" decoding=\"async\" class=\"alignleft size-medium wp-image-4258\" src=\"http:\/\/www.ecuadoraldia.com.ec\/wp-content\/uploads\/2014\/08\/ari-300x200.jpg\" alt=\"ari\" width=\"300\" height=\"200\" srcset=\"https:\/\/www.ecuadoraldia.com.ec\/wp-content\/uploads\/2014\/08\/ari-300x200.jpg 300w, https:\/\/www.ecuadoraldia.com.ec\/wp-content\/uploads\/2014\/08\/ari.jpg 510w\" sizes=\"(max-width: 300px) 100vw, 300px\" \/><\/a>Nuevo Delhi.- (EFE).- Ecuador ha obtenido de la India cr\u00e9ditos que se suman unos 142 millones de d\u00f3lares (104,5 millones de euros) para proyectos de l\u00edneas el\u00e9ctricas, dijo a Efe el viceministro de Relaciones Exteriores, Leonardo Ar\u00edzaga.<\/p>\n<p>El viceministro se reuni\u00f3 en los \u00faltimos d\u00edas en Nueva Delhi con representantes del Gobierno indio, entre ellos la ministra de Asuntos Exteriores, Sushma Swaraj, \u201ccon el objetivo de elevar nuestras relaciones m\u00e1s all\u00e1 de lo pol\u00edtico y diplom\u00e1tico\u201d. Ecuador pretende incrementar los lazos econ\u00f3micos con la India y present\u00f3 ayer a la ministra un cat\u00e1logo de proyectos estrat\u00e9gicos por unos 28.000 millones de d\u00f3lares (casi 21.000 millones de euros), en sectores como las telecomunicaciones o el agua.<\/p>\n<p>Leonardo Ar\u00edzaga explic\u00f3 que Ecuador vende anualmente a la India por valor de unos 35 millones de d\u00f3lares (26 millones de euros), mientras que compra por unos 500 millones de d\u00f3lares (373 millones de euros), por lo que \u201cqueremos reducir este d\u00e9ficit comercial\u201d. La India colaborar\u00e1 adem\u00e1s con el centro excelencia en nuevas tecnolog\u00edas de la ciudad ecuatoriana de Yachay, para formar a t\u00e9cnicos inform\u00e1ticos, y tambi\u00e9n en la recuperaci\u00f3n de pel\u00edculas de cine, dado el alto nivel mundial del pa\u00eds asi\u00e1tico en ambos campos, asegur\u00f3 Arizaga.<\/p>\n<p>Otro de los objetivos de la estancia del viceministro fue preparar la visita al gigante asi\u00e1tico del presidente de Ecuador, Rafael Correa, prevista para el primer semestre de 2015, y la apertura de la embajada de la India en Quito.<\/p>\n","protected":false},"excerpt":{"rendered":"<p>Nuevo Delhi.- (EFE).- Ecuador ha obtenido de la India cr\u00e9ditos que se suman unos 142 millones de d\u00f3lares (104,5 millones<\/p>\n","protected":false},"author":1,"featured_media":0,"comment_status":"open","ping_status":"open","sticky":false,"template":"","format":"standard","meta":{"footnotes":""},"categories":[1],"tags":[],"_links":{"self":[{"href":"https:\/\/www.ecuadoraldia.com.ec\/index.php?rest_route=\/wp\/v2\/posts\/4257"}],"collection":[{"href":"https:\/\/www.ecuadoraldia.com.ec\/index.php?rest_route=\/wp\/v2\/posts"}],"about":[{"href":"https:\/\/www.ecuadoraldia.com.ec\/index.php?rest_route=\/wp\/v2\/types\/post"}],"author":[{"embeddable":true,"href":"https:\/\/www.ecuadoraldia.com.ec\/index.php?rest_route=\/wp\/v2\/users\/1"}],"replies":[{"embeddable":true,"href":"https:\/\/www.ecuadoraldia.com.ec\/index.php?rest_route=%2Fwp%2Fv2%2Fcomments&post=4257"}],"version-history":[{"count":1,"href":"https:\/\/www.ecuadoraldia.com.ec\/index.php?rest_route=\/wp\/v2\/posts\/4257\/revisions"}],"predecessor-version":[{"id":4259,"href":"https:\/\/www.ecuadoraldia.com.ec\/index.php?rest_route=\/wp\/v2\/posts\/4257\/revisions\/4259"}],"wp:attachment":[{"href":"https:\/\/www.ecuadoraldia.com.ec\/index.php?rest_route=%2Fwp%2Fv2%2Fmedia&parent=4257"}],"wp:term":[{"taxonomy":"category","embeddable":true,"href":"https:\/\/www.ecuadoraldia.com.ec\/index.php?rest_route=%2Fwp%2Fv2%2Fcategories&post=4257"},{"taxonomy":"post_tag","embeddable":true,"href":"https:\/\/www.ecuadoraldia.com.ec\/index.php?rest_route=%2Fwp%2Fv2%2Ftags&post=4257"}],"curies":[{"name":"wp","href":"https:\/\/api.w.org\/{rel}","templated":true}]}}