{"id":4260,"date":"2014-08-14T13:48:15","date_gmt":"2014-08-14T13:48:15","guid":{"rendered":"http:\/\/www.ecuadoraldia.com.ec\/?p=4260"},"modified":"2014-08-14T13:48:15","modified_gmt":"2014-08-14T13:48:15","slug":"en-marcha-la-adjudicacion-de-frecuencias-de-radio-y-tv","status":"publish","type":"post","link":"https:\/\/www.ecuadoraldia.com.ec\/?p=4260","title":{"rendered":"En marcha la adjudicaci\u00f3n de frecuencias de radio y TV"},"content":{"rendered":"<p><a href=\"http:\/\/www.ecuadoraldia.com.ec\/wp-content\/uploads\/2014\/08\/jm.jpg\"><img loading=\"lazy\" decoding=\"async\" class=\"alignleft size-medium wp-image-4261\" src=\"http:\/\/www.ecuadoraldia.com.ec\/wp-content\/uploads\/2014\/08\/jm-300x246.jpg\" alt=\"jm\" width=\"300\" height=\"246\" srcset=\"https:\/\/www.ecuadoraldia.com.ec\/wp-content\/uploads\/2014\/08\/jm-300x246.jpg 300w, https:\/\/www.ecuadoraldia.com.ec\/wp-content\/uploads\/2014\/08\/jm.jpg 414w\" sizes=\"(max-width: 300px) 100vw, 300px\" \/><\/a>QUITO.- El Consejo Nacional de Telecomunicaciones (CONATEL) dej\u00f3 lista la adjudicaci\u00f3n de frecuencias de radio y televisi\u00f3n para los sectores privados y comunitarios, luego de concluir los talleres informativos sobre los requisitos y el proceso que se debe seguir para ser concesionario de una frecuencia.<\/p>\n<p>Los talleres fueron organizados por la Secretar\u00eda Nacional de Telecomunicaciones (SENATEL), en las ciudades de Tulc\u00e1n, Esmeraldas, Machala, Macas, Tena, Orellana, Santo Domingo, Lago Agrio y Zamora en donde se desarrollar\u00e1n los concursos.<\/p>\n<p>El proceso para la adjudicaci\u00f3n de frecuencias de radio y\/o canales, destinados a medios comunitarios y privados, se desarrolla seg\u00fan la Ley Org\u00e1nica de Comunicaci\u00f3n (LOC) y el Reglamento para la Adjudicaci\u00f3n de T\u00edtulos Habilitantes para el funcionamiento de Medios de Comunicaci\u00f3n Social P\u00fablicos, Privados, Comunitarios y Sistemas de Audio y Video por Suscripci\u00f3n.<\/p>\n<p>Seg\u00fan el CONATEL, los concursos en menci\u00f3n, tienen como finalidad, entre otros, dar cumplimiento a lo dispuesto en el art\u00edculo 106 de la LOC, que establece la obligatoriedad del Estado de distribuir las frecuencias del espectro radioel\u00e9ctrico de manera equitativa: 33% p\u00fablico, 33% privado y 34% comunitario.<\/p>\n<p>Las 28 frecuencias o sistemas que en esta ocasi\u00f3n se ponen a consideraci\u00f3n del sector privado, son aquellas que antes estuvieron concesionadas y a las que los ex concesionarios, para poder tenerlas, deber\u00e1n tambi\u00e9n participar en el concurso.<\/p>\n<p>El ministro de Telecomunicaciones, Jaime Guerrero, destac\u00f3 que los concursos se realizan en las provincias en las que no existe una mayor congesti\u00f3n del espectro y que tradicionalmente no fueron atendidas con la provisi\u00f3n de frecuencias para la operaci\u00f3n de medios de comunicaci\u00f3n, especialmente comunitarios.<\/p>\n<p>El CONATEL tiene planificado convocar, en las pr\u00f3ximas semanas, a nuevos concursos en otras provincias del pa\u00eds, con lo cual se busca seg\u00fan las autoridades, democratizar el espectro radioel\u00e9ctrico.<\/p>\n","protected":false},"excerpt":{"rendered":"<p>QUITO.- El Consejo Nacional de Telecomunicaciones (CONATEL) dej\u00f3 lista la adjudicaci\u00f3n de frecuencias de radio y televisi\u00f3n para los sectores<\/p>\n","protected":false},"author":1,"featured_media":0,"comment_status":"open","ping_status":"open","sticky":false,"template":"","format":"standard","meta":{"footnotes":""},"categories":[1],"tags":[],"_links":{"self":[{"href":"https:\/\/www.ecuadoraldia.com.ec\/index.php?rest_route=\/wp\/v2\/posts\/4260"}],"collection":[{"href":"https:\/\/www.ecuadoraldia.com.ec\/index.php?rest_route=\/wp\/v2\/posts"}],"about":[{"href":"https:\/\/www.ecuadoraldia.com.ec\/index.php?rest_route=\/wp\/v2\/types\/post"}],"author":[{"embeddable":true,"href":"https:\/\/www.ecuadoraldia.com.ec\/index.php?rest_route=\/wp\/v2\/users\/1"}],"replies":[{"embeddable":true,"href":"https:\/\/www.ecuadoraldia.com.ec\/index.php?rest_route=%2Fwp%2Fv2%2Fcomments&post=4260"}],"version-history":[{"count":1,"href":"https:\/\/www.ecuadoraldia.com.ec\/index.php?rest_route=\/wp\/v2\/posts\/4260\/revisions"}],"predecessor-version":[{"id":4262,"href":"https:\/\/www.ecuadoraldia.com.ec\/index.php?rest_route=\/wp\/v2\/posts\/4260\/revisions\/4262"}],"wp:attachment":[{"href":"https:\/\/www.ecuadoraldia.com.ec\/index.php?rest_route=%2Fwp%2Fv2%2Fmedia&parent=4260"}],"wp:term":[{"taxonomy":"category","embeddable":true,"href":"https:\/\/www.ecuadoraldia.com.ec\/index.php?rest_route=%2Fwp%2Fv2%2Fcategories&post=4260"},{"taxonomy":"post_tag","embeddable":true,"href":"https:\/\/www.ecuadoraldia.com.ec\/index.php?rest_route=%2Fwp%2Fv2%2Ftags&post=4260"}],"curies":[{"name":"wp","href":"https:\/\/api.w.org\/{rel}","templated":true}]}}