{"id":4264,"date":"2014-08-14T14:01:41","date_gmt":"2014-08-14T14:01:41","guid":{"rendered":"http:\/\/www.ecuadoraldia.com.ec\/?p=4264"},"modified":"2014-08-14T14:04:40","modified_gmt":"2014-08-14T14:04:40","slug":"seul-ago-14-el-papa-francisco-llego-hoy-a-seul-para-promover-el-catolicismo-en-esta-region-y-abogar-por-la-reconciliacion-de-las-dos-coreas-aunque-pyongyang-respondio-lanzando-una-salva-de-misile","status":"publish","type":"post","link":"https:\/\/www.ecuadoraldia.com.ec\/?p=4264","title":{"rendered":"Papa Francisco insta a las Dos Coreas a buscar la Paz"},"content":{"rendered":"<p><a href=\"http:\/\/www.ecuadoraldia.com.ec\/wp-content\/uploads\/2014\/08\/paz.jpg\"><img loading=\"lazy\" decoding=\"async\" class=\"alignleft size-medium wp-image-4265\" src=\"http:\/\/www.ecuadoraldia.com.ec\/wp-content\/uploads\/2014\/08\/paz-300x200.jpg\" alt=\"paz\" width=\"300\" height=\"200\" srcset=\"https:\/\/www.ecuadoraldia.com.ec\/wp-content\/uploads\/2014\/08\/paz-300x200.jpg 300w, https:\/\/www.ecuadoraldia.com.ec\/wp-content\/uploads\/2014\/08\/paz.jpg 645w\" sizes=\"(max-width: 300px) 100vw, 300px\" \/><\/a>Se\u00fal, ago. 14. El papa Francisco lleg\u00f3 hoy a Se\u00fal para promover el catolicismo en esta regi\u00f3n y abogar por la reconciliaci\u00f3n de las dos Coreas, aunque Pyongyang respondi\u00f3 lanzando una salva de misiles al mar.<\/p>\n<p>El papa fue recibido en el aeropuerto de Incheon por la presidenta Park Geun-Hye y escolares que le hicieron una ofrenda floral. Tambi\u00e9n se reuni\u00f3 en la alfombra roja con dos tr\u00e1nsfugas norcoreanos y allegados de las v\u00edctimas del ferry Sewol cuyo naufragio, el 16 de abril, dej\u00f3 m\u00e1s de 300 muertos, la mayor\u00eda estudiantes.<\/p>\n<p>El soberano pont\u00edfice se desplaz\u00f3 en un peque\u00f1o Kia negro, especialmente construido para \u00e9l, sonriente y saludando a la muchedumbre que se congreg\u00f3 en las carretera para darle la bienvenida.<\/p>\n<p>Casi simult\u00e1neamente, Corea del Norte dispar\u00f3 al mar tres misiles de corto alcance, un medio que utiliza regularmente el r\u00e9gimen de Pyongyang para demostrar su descontento y amenazar a Se\u00fal y a sus aliados.<\/p>\n<p>En su primer discurso al llegar a la capital surcoreana, frente a la presidenta Park Geun-Hye, y las diferentes autoridades del pa\u00eds, el papa salud\u00f3 \u00ablos esfuerzos hechos a favor de la reconciliaci\u00f3n y la estabilidad en la pen\u00ednsula coreana\u00bb, el \u00ab\u00fanico camino hacia una paz duradera\u00bb.<\/p>\n<p>\u00abLa diplomacia, como arte de lo posible, se basa en la convicci\u00f3n firme y perseverante de que se puede alcanzar la paz a trav\u00e9s de la escucha tranquila y el di\u00e1logo, m\u00e1s que a trav\u00e9s de recriminaciones mutuas, cr\u00edticas est\u00e9riles y despliegue de fuerzas\u00bb, se\u00f1al\u00f3 el sumo pont\u00edfice.<\/p>\n<p>El papa, que hablaba en ingl\u00e9s por primera vez en un marco oficial, evit\u00f3 cuidadosamente nombrar al r\u00e9gimen marxista norcoreano, a pesar de que sus referencias a las injusticias, persecuciones y despliegue de fuerzas hac\u00edan sin duda alusi\u00f3n a Pyongyang.<\/p>\n<p>El obispo de Roma le asegur\u00f3 a su anfitriona, la presidenta surcoreana, que desde \u00ablo m\u00e1s profundo de su coraz\u00f3n\u00bb esperaba la reconciliaci\u00f3n de las dos Coreas, separadas desde 1953.<\/p>\n<p>El pont\u00edfice argentino va a celebrar una misa para \u00abla paz y la reconciliaci\u00f3n\u00bb en la catedral de Myeong-dong en Se\u00fal, el 18 de agosto, como colof\u00f3n de su visita de cinco d\u00edas.AFP \/<\/p>\n","protected":false},"excerpt":{"rendered":"<p>Se\u00fal, ago. 14. El papa Francisco lleg\u00f3 hoy a Se\u00fal para promover el catolicismo en esta regi\u00f3n y abogar por<\/p>\n","protected":false},"author":1,"featured_media":0,"comment_status":"open","ping_status":"open","sticky":false,"template":"","format":"standard","meta":{"footnotes":""},"categories":[7],"tags":[],"_links":{"self":[{"href":"https:\/\/www.ecuadoraldia.com.ec\/index.php?rest_route=\/wp\/v2\/posts\/4264"}],"collection":[{"href":"https:\/\/www.ecuadoraldia.com.ec\/index.php?rest_route=\/wp\/v2\/posts"}],"about":[{"href":"https:\/\/www.ecuadoraldia.com.ec\/index.php?rest_route=\/wp\/v2\/types\/post"}],"author":[{"embeddable":true,"href":"https:\/\/www.ecuadoraldia.com.ec\/index.php?rest_route=\/wp\/v2\/users\/1"}],"replies":[{"embeddable":true,"href":"https:\/\/www.ecuadoraldia.com.ec\/index.php?rest_route=%2Fwp%2Fv2%2Fcomments&post=4264"}],"version-history":[{"count":3,"href":"https:\/\/www.ecuadoraldia.com.ec\/index.php?rest_route=\/wp\/v2\/posts\/4264\/revisions"}],"predecessor-version":[{"id":4268,"href":"https:\/\/www.ecuadoraldia.com.ec\/index.php?rest_route=\/wp\/v2\/posts\/4264\/revisions\/4268"}],"wp:attachment":[{"href":"https:\/\/www.ecuadoraldia.com.ec\/index.php?rest_route=%2Fwp%2Fv2%2Fmedia&parent=4264"}],"wp:term":[{"taxonomy":"category","embeddable":true,"href":"https:\/\/www.ecuadoraldia.com.ec\/index.php?rest_route=%2Fwp%2Fv2%2Fcategories&post=4264"},{"taxonomy":"post_tag","embeddable":true,"href":"https:\/\/www.ecuadoraldia.com.ec\/index.php?rest_route=%2Fwp%2Fv2%2Ftags&post=4264"}],"curies":[{"name":"wp","href":"https:\/\/api.w.org\/{rel}","templated":true}]}}