{"id":4269,"date":"2014-08-14T14:13:00","date_gmt":"2014-08-14T14:13:00","guid":{"rendered":"http:\/\/www.ecuadoraldia.com.ec\/?p=4269"},"modified":"2014-08-14T14:13:00","modified_gmt":"2014-08-14T14:13:00","slug":"rodas-suspende-los-trabajos-de-sinohydro","status":"publish","type":"post","link":"https:\/\/www.ecuadoraldia.com.ec\/?p=4269","title":{"rendered":"Rodas suspende los trabajos de Sinohydro"},"content":{"rendered":"<p><a href=\"http:\/\/www.ecuadoraldia.com.ec\/wp-content\/uploads\/2014\/08\/rtm.jpg\"><img loading=\"lazy\" decoding=\"async\" class=\"alignleft size-medium wp-image-4270\" src=\"http:\/\/www.ecuadoraldia.com.ec\/wp-content\/uploads\/2014\/08\/rtm-300x225.jpg\" alt=\"rtm\" width=\"300\" height=\"225\" srcset=\"https:\/\/www.ecuadoraldia.com.ec\/wp-content\/uploads\/2014\/08\/rtm-300x225.jpg 300w, https:\/\/www.ecuadoraldia.com.ec\/wp-content\/uploads\/2014\/08\/rtm-1024x768.jpg 1024w, https:\/\/www.ecuadoraldia.com.ec\/wp-content\/uploads\/2014\/08\/rtm.jpg 1384w\" sizes=\"(max-width: 300px) 100vw, 300px\" \/><\/a>El alcalde de Quito, Mauricio Rodas, anunci\u00f3 la suspensi\u00f3n de la construcci\u00f3n del puente que se edificaba sobre el r\u00edo Monjas, donde se reportaron v\u00edctimas tras el sismo de 5,1 grados que sacudi\u00f3 Quito y sus alrededores en la tarde del 12 de agosto. La resoluci\u00f3n fue acogida con el objetivo de salvaguardad la vida de los obreros que trabajan en el lugar. Adem\u00e1s, el alcalde solicit\u00f3 la intervenci\u00f3n del Ministerio de Relaciones laborales y del Instituto Ecuatoriano de Seguridad Social (IESS) para constatar la situaci\u00f3n de los trabajadores de la empresa Sinohydro encargada de la construcci\u00f3n del puente.<\/p>\n<p>Dos de los muertos eran trabajadores que constru\u00edan el puente sobre el r\u00edo Monjas, 30 km al este de Quito. Hasta el momento el sismo deja un saldo de tres v\u00edctimas mortales y varios refugiados. Simult\u00e1neamente, Rodas inform\u00f3 que un total de 584 viviendas presentaron fisuras en las fachadas, por los cual se prev\u00e9 que miembros del Municipio acudan a los hogares afectados para realizar una inspecci\u00f3n minuciosa de los da\u00f1os para evaluar la necesidad de evacuaci\u00f3n.<\/p>\n<p>El estado de emergencia sobre las parroquias de Pomasqui, San Antonio de Pichincha y Puellaro se mantendr\u00e1 hasta nueva orden. Adem\u00e1s, se confirm\u00f3 que un total de 45 replicas se registraron entre 12 y el 13 de agosto, siendo la m\u00e1s fuerte la registrada a las 11:30 con una magnitud de 3,9 grados que oblig\u00f3 a la gente a evacuar edificios y buscar protecci\u00f3n en lugares seguros.<\/p>\n","protected":false},"excerpt":{"rendered":"<p>El alcalde de Quito, Mauricio Rodas, anunci\u00f3 la suspensi\u00f3n de la construcci\u00f3n del puente que se edificaba sobre el r\u00edo<\/p>\n","protected":false},"author":1,"featured_media":0,"comment_status":"open","ping_status":"open","sticky":false,"template":"","format":"standard","meta":{"footnotes":""},"categories":[14],"tags":[],"_links":{"self":[{"href":"https:\/\/www.ecuadoraldia.com.ec\/index.php?rest_route=\/wp\/v2\/posts\/4269"}],"collection":[{"href":"https:\/\/www.ecuadoraldia.com.ec\/index.php?rest_route=\/wp\/v2\/posts"}],"about":[{"href":"https:\/\/www.ecuadoraldia.com.ec\/index.php?rest_route=\/wp\/v2\/types\/post"}],"author":[{"embeddable":true,"href":"https:\/\/www.ecuadoraldia.com.ec\/index.php?rest_route=\/wp\/v2\/users\/1"}],"replies":[{"embeddable":true,"href":"https:\/\/www.ecuadoraldia.com.ec\/index.php?rest_route=%2Fwp%2Fv2%2Fcomments&post=4269"}],"version-history":[{"count":1,"href":"https:\/\/www.ecuadoraldia.com.ec\/index.php?rest_route=\/wp\/v2\/posts\/4269\/revisions"}],"predecessor-version":[{"id":4271,"href":"https:\/\/www.ecuadoraldia.com.ec\/index.php?rest_route=\/wp\/v2\/posts\/4269\/revisions\/4271"}],"wp:attachment":[{"href":"https:\/\/www.ecuadoraldia.com.ec\/index.php?rest_route=%2Fwp%2Fv2%2Fmedia&parent=4269"}],"wp:term":[{"taxonomy":"category","embeddable":true,"href":"https:\/\/www.ecuadoraldia.com.ec\/index.php?rest_route=%2Fwp%2Fv2%2Fcategories&post=4269"},{"taxonomy":"post_tag","embeddable":true,"href":"https:\/\/www.ecuadoraldia.com.ec\/index.php?rest_route=%2Fwp%2Fv2%2Ftags&post=4269"}],"curies":[{"name":"wp","href":"https:\/\/api.w.org\/{rel}","templated":true}]}}