{"id":4272,"date":"2014-08-14T19:23:04","date_gmt":"2014-08-14T19:23:04","guid":{"rendered":"http:\/\/www.ecuadoraldia.com.ec\/?p=4272"},"modified":"2014-08-14T19:23:19","modified_gmt":"2014-08-14T19:23:19","slug":"correa-jurista-no-acepto-debate-esto-demuestra-su-falsedad","status":"publish","type":"post","link":"https:\/\/www.ecuadoraldia.com.ec\/?p=4272","title":{"rendered":"Correa: jurista peruano no acept\u00f3 debate, \u00abesto demuestra su falsedad\u00bb"},"content":{"rendered":"<p><a href=\"http:\/\/www.ecuadoraldia.com.ec\/wp-content\/uploads\/2014\/08\/Rafael-Correa.jpg\"><img loading=\"lazy\" decoding=\"async\" class=\"alignleft size-medium wp-image-4273\" src=\"http:\/\/www.ecuadoraldia.com.ec\/wp-content\/uploads\/2014\/08\/Rafael-Correa-300x205.jpg\" alt=\"Rafael-Correa\" width=\"300\" height=\"205\" srcset=\"https:\/\/www.ecuadoraldia.com.ec\/wp-content\/uploads\/2014\/08\/Rafael-Correa-300x205.jpg 300w, https:\/\/www.ecuadoraldia.com.ec\/wp-content\/uploads\/2014\/08\/Rafael-Correa.jpg 397w\" sizes=\"(max-width: 300px) 100vw, 300px\" \/><\/a>Luis P\u00e1sara, jurista peruano y autor del informe \u2018La independencia judicial en la reforma de la justicia ecuatoriana\u2019, rechaz\u00f3 la invitaci\u00f3n para un debate sobre el contenido del mismo, efectuada por el presidente del Consejo de la Judicatura, Gustavo Jalkh.<\/p>\n<p>En su cuenta en Twitter, el presidente Rafael Correa se refiri\u00f3 a la decisi\u00f3n del jurista. \u00abLuis P\u00e1sara, autor del &#8216;informe&#8217; sobre justicia ecuatoriana, no acept\u00f3 debatir. Hagan las piruetas que hagan, esto demuestra su falsedad\u00bb, escribi\u00f3.<\/p>\n<p>El Mandatario subray\u00f3 que el informe es \u00abuna verdadera verg\u00fcenza\u00bb. A\u00f1adi\u00f3 que es parte de una \u00abcampa\u00f1a nacional e internacional contra Ecuador, utilizando el oenegecismo que rodea hasta a la CIDH. Esto tiene que cambiar, y lo vamos a cambiar. \u00a1Hasta la victoria siempre!\u00bb.<\/p>\n<p>\u00ab\u00bfQuieren un pa\u00eds donde se pueda decir &#8216;fascista y asesino&#8217; solo por odio? Fundamedios no ha entendido que solo la verdad nos har\u00e1 libres\u00bb, finaliz\u00f3 Correa.<\/p>\n<p>El 4 de agosto, el titular del Consejo de la Judicatura hizo en una carta la invitaci\u00f3n a P\u00e1sara para el debate acad\u00e9mico sobre su informe. Dispuso un plazo de 30 d\u00edas para que el jurista peruano responda ante la solicitud.<\/p>\n<p>En la misiva, Jalkh cuestion\u00f3 el financiamiento que tuvo el estudio, el cual provendr\u00eda de la Fundaci\u00f3n para el Debido Proceso (DLPF, por sus siglas en ingl\u00e9s y con sede en Washington, Estados Unidos). Entre los colaboradores ecuatorianos del informe estar\u00edan C\u00e9sar Mont\u00fafar y Andr\u00e9s P\u00e1ez. Ellos se han expresado en contra de la selecci\u00f3n de los nuevos jueces.<\/p>\n<p>Adem\u00e1s, expres\u00f3 que el ensayo \u00abes una recopilaci\u00f3n de opiniones pronunciadas por algunos actores pol\u00edticos, quienes abiertamente se oponen al Gobierno Nacional\u00bb.<\/p>\n<p>Por lo tanto su contenido \u00abpodr\u00eda afectar injustamente a la Funci\u00f3n Judicial, a sus servidores y servidoras, quienes merecen respeto\u00bb, indicaba la carta.<\/p>\n<p>Twitter<br \/>\nLuis P\u00e1sara, autor del \u201cinforme\u201d sobre justicia ecuatoriana, no acept\u00f3 debatir.<br \/>\nHagan las piruetas que hagan, esto demuestra su falsedad.<\/p>\n<p>El \u201cinforme\u201d, una verdadera verg\u00fcenza, es tan solo parte de esa campa\u00f1a nacional e internacional contra Ecuador, utilizando el oenegecismo..que rodea hasta a la CIDH.<br \/>\nEsto tiene que cambiar, y lo vamos a cambiar.<br \/>\n\u00bfQuieren un pa\u00eds donde se pueda decir \u201cfascista y asesino\u201d solo por odio?<br \/>\nFundamedios no ha entendido que solo la verdad nos har\u00e1 libres.<br \/>\n\u00a1Hasta la victoria siempre!<\/p>\n","protected":false},"excerpt":{"rendered":"<p>Luis P\u00e1sara, jurista peruano y autor del informe \u2018La independencia judicial en la reforma de la justicia ecuatoriana\u2019, rechaz\u00f3 la<\/p>\n","protected":false},"author":1,"featured_media":0,"comment_status":"open","ping_status":"open","sticky":false,"template":"","format":"standard","meta":{"footnotes":""},"categories":[1],"tags":[],"_links":{"self":[{"href":"https:\/\/www.ecuadoraldia.com.ec\/index.php?rest_route=\/wp\/v2\/posts\/4272"}],"collection":[{"href":"https:\/\/www.ecuadoraldia.com.ec\/index.php?rest_route=\/wp\/v2\/posts"}],"about":[{"href":"https:\/\/www.ecuadoraldia.com.ec\/index.php?rest_route=\/wp\/v2\/types\/post"}],"author":[{"embeddable":true,"href":"https:\/\/www.ecuadoraldia.com.ec\/index.php?rest_route=\/wp\/v2\/users\/1"}],"replies":[{"embeddable":true,"href":"https:\/\/www.ecuadoraldia.com.ec\/index.php?rest_route=%2Fwp%2Fv2%2Fcomments&post=4272"}],"version-history":[{"count":2,"href":"https:\/\/www.ecuadoraldia.com.ec\/index.php?rest_route=\/wp\/v2\/posts\/4272\/revisions"}],"predecessor-version":[{"id":4275,"href":"https:\/\/www.ecuadoraldia.com.ec\/index.php?rest_route=\/wp\/v2\/posts\/4272\/revisions\/4275"}],"wp:attachment":[{"href":"https:\/\/www.ecuadoraldia.com.ec\/index.php?rest_route=%2Fwp%2Fv2%2Fmedia&parent=4272"}],"wp:term":[{"taxonomy":"category","embeddable":true,"href":"https:\/\/www.ecuadoraldia.com.ec\/index.php?rest_route=%2Fwp%2Fv2%2Fcategories&post=4272"},{"taxonomy":"post_tag","embeddable":true,"href":"https:\/\/www.ecuadoraldia.com.ec\/index.php?rest_route=%2Fwp%2Fv2%2Ftags&post=4272"}],"curies":[{"name":"wp","href":"https:\/\/api.w.org\/{rel}","templated":true}]}}