{"id":4276,"date":"2014-08-14T19:24:24","date_gmt":"2014-08-14T19:24:24","guid":{"rendered":"http:\/\/www.ecuadoraldia.com.ec\/?p=4276"},"modified":"2014-08-14T19:24:24","modified_gmt":"2014-08-14T19:24:24","slug":"michael-jackson-tuiteo-su-nuevo-video","status":"publish","type":"post","link":"https:\/\/www.ecuadoraldia.com.ec\/?p=4276","title":{"rendered":"Michael Jackson &#8216;tuite\u00f3&#8217; su nuevo video"},"content":{"rendered":"<p><a href=\"http:\/\/www.ecuadoraldia.com.ec\/wp-content\/uploads\/2014\/08\/mi.jpg\"><img loading=\"lazy\" decoding=\"async\" class=\"alignleft size-medium wp-image-4277\" src=\"http:\/\/www.ecuadoraldia.com.ec\/wp-content\/uploads\/2014\/08\/mi-300x199.jpg\" alt=\"mi\" width=\"300\" height=\"199\" srcset=\"https:\/\/www.ecuadoraldia.com.ec\/wp-content\/uploads\/2014\/08\/mi-300x199.jpg 300w, https:\/\/www.ecuadoraldia.com.ec\/wp-content\/uploads\/2014\/08\/mi.jpg 450w\" sizes=\"(max-width: 300px) 100vw, 300px\" \/><\/a>La cuenta oficial en Twitter del fallecido &#8216;Rey del Pop&#8217; public\u00f3 un nuevo video musical del artista. &#8216;A place with no name&#8217;, es el nombre de la producci\u00f3n que hace parte del \u00e1lbum p\u00f3stumo &#8216;XSCAPE&#8217; de Epic Records.<\/p>\n<p>Esta ser\u00eda la primera vez que un artista revela su m\u00fasica a trav\u00e9s de la red social de microblogging m\u00e1s popular del mundo, lo que mantiene a Jackson como uno de los m\u00fasicos m\u00e1s vanguardistas del mundo, a\u00fan cinco a\u00f1os despu\u00e9s de su muerte.<\/p>\n<p>El video fue dirigido por Samuel Bayer, quien anteriormente hab\u00eda estado al mando de producciones como \u00abSmells Like Teen Spirit\u00bb de Nirvana y \u00abBoulevard of Broken Dreams\u00bb de Greenday, fue grabado en 1998 y contiene escenas in\u00e9ditas del \u00abRey del Pop\u00bb tomadas del video \u00abIn The Closet\u00bb de 1992.<\/p>\n<p>El regreso de Michael Jackson se dio a principios de este a\u00f1o cuando apareci\u00f3 un holograma suyo bailando el sencillo \u00abSlave to the Rythm\u00bb durante la ceremonia de los Bilboard Music Awards.<\/p>\n<p>\u00abA place with no name\u00bb es el segundo tema del \u00e1lbum \u00abXscape\u00bb en tener video musical; el primero fue \u00abLove Never Felt so Good\u00bb, en el que, mientras se muestran im\u00e1genes de Michael Jackson, aparece Justin Timberlake bailando como lo hac\u00eda el artista en algunos de sus v\u00eddeos m\u00e1s conocidos.<\/p>\n<p>Michael Jackson<br \/>\nIt\u2019s time! The first ever premiere of \u00abA Place With No Name\u00bb right now on Twitter #MJXSCAPE<br \/>\nhttps:\/\/amp.twimg.com\/v\/37e5665c-3add-4b3f-bf82-81d234dcf048 \u2026<br \/>\n21:01 &#8211; 13 ago 2014<\/p>\n","protected":false},"excerpt":{"rendered":"<p>La cuenta oficial en Twitter del fallecido &#8216;Rey del Pop&#8217; public\u00f3 un nuevo video musical del artista. &#8216;A place with<\/p>\n","protected":false},"author":1,"featured_media":0,"comment_status":"open","ping_status":"open","sticky":false,"template":"","format":"standard","meta":{"footnotes":""},"categories":[1],"tags":[],"_links":{"self":[{"href":"https:\/\/www.ecuadoraldia.com.ec\/index.php?rest_route=\/wp\/v2\/posts\/4276"}],"collection":[{"href":"https:\/\/www.ecuadoraldia.com.ec\/index.php?rest_route=\/wp\/v2\/posts"}],"about":[{"href":"https:\/\/www.ecuadoraldia.com.ec\/index.php?rest_route=\/wp\/v2\/types\/post"}],"author":[{"embeddable":true,"href":"https:\/\/www.ecuadoraldia.com.ec\/index.php?rest_route=\/wp\/v2\/users\/1"}],"replies":[{"embeddable":true,"href":"https:\/\/www.ecuadoraldia.com.ec\/index.php?rest_route=%2Fwp%2Fv2%2Fcomments&post=4276"}],"version-history":[{"count":1,"href":"https:\/\/www.ecuadoraldia.com.ec\/index.php?rest_route=\/wp\/v2\/posts\/4276\/revisions"}],"predecessor-version":[{"id":4278,"href":"https:\/\/www.ecuadoraldia.com.ec\/index.php?rest_route=\/wp\/v2\/posts\/4276\/revisions\/4278"}],"wp:attachment":[{"href":"https:\/\/www.ecuadoraldia.com.ec\/index.php?rest_route=%2Fwp%2Fv2%2Fmedia&parent=4276"}],"wp:term":[{"taxonomy":"category","embeddable":true,"href":"https:\/\/www.ecuadoraldia.com.ec\/index.php?rest_route=%2Fwp%2Fv2%2Fcategories&post=4276"},{"taxonomy":"post_tag","embeddable":true,"href":"https:\/\/www.ecuadoraldia.com.ec\/index.php?rest_route=%2Fwp%2Fv2%2Ftags&post=4276"}],"curies":[{"name":"wp","href":"https:\/\/api.w.org\/{rel}","templated":true}]}}