{"id":4279,"date":"2014-08-14T19:26:03","date_gmt":"2014-08-14T19:26:03","guid":{"rendered":"http:\/\/www.ecuadoraldia.com.ec\/?p=4279"},"modified":"2014-08-14T19:26:03","modified_gmt":"2014-08-14T19:26:03","slug":"montero-cosas-internas-no-nos-permitieron-llegar-mas-lejos","status":"publish","type":"post","link":"https:\/\/www.ecuadoraldia.com.ec\/?p=4279","title":{"rendered":"Montero: \u00abCosas internas no nos permitieron llegar m\u00e1s lejos\u00bb"},"content":{"rendered":"<p><a href=\"http:\/\/www.ecuadoraldia.com.ec\/wp-content\/uploads\/2014\/08\/fferson_Montero_.jpg\"><img loading=\"lazy\" decoding=\"async\" class=\"alignleft size-medium wp-image-4280\" src=\"http:\/\/www.ecuadoraldia.com.ec\/wp-content\/uploads\/2014\/08\/fferson_Montero_-300x199.jpg\" alt=\"fferson_Montero_\" width=\"300\" height=\"199\" srcset=\"https:\/\/www.ecuadoraldia.com.ec\/wp-content\/uploads\/2014\/08\/fferson_Montero_-300x199.jpg 300w, https:\/\/www.ecuadoraldia.com.ec\/wp-content\/uploads\/2014\/08\/fferson_Montero_.jpg 450w\" sizes=\"(max-width: 300px) 100vw, 300px\" \/><\/a>Jefferson Montero jugador del Swansea City en entrevista con Fox Sports, coment\u00f3 varias situaciones que ocurrieron durante la participaci\u00f3n de Ecuador en el Mundial Brasil 2014, en donde se quedaron en la fase de grupos.<\/p>\n<p>Pese a que entre sus declaraciones el jugador asegura que no es la persona indicada para explayarse en estos temas, revel\u00f3 que dentro de la Tricolor \u00absucedieron cosas que no ten\u00edan que suceder\u00bb.<\/p>\n<p>\u201cHay cosas que pasaron, la gente no sabe, decepcionan y no se las puede decir, pero llegar\u00e1 el momento donde se las podr\u00e1 decir\u201d, afirm\u00f3 &#8216;Jeff&#8217; quien esta temporada militar\u00e1 en la Premier League.<\/p>\n<p>La &#8216;Turbina&#8217; como se conoce al jugador asegur\u00f3 que \u00abno soy la persona indicada para decirlo, pero todo llegar\u00e1 a su tiempo. Si Ecuador no lleg\u00f3 a otra etapa debe ser por algo, f\u00fatbol ten\u00edamos pero sucedieron cosas que no ten\u00edan que suceder\u201d.<\/p>\n<p>Montero alarg\u00f3 sus declaraciones diciendo que s\u00ed influyeron cosas extra futbol\u00edsticas en el rendimiento de sus compa\u00f1eros durante el torneo.<\/p>\n<p>\u201cCosas internas no nos permitieron llegar m\u00e1s lejos, lo que haces se demuestra en el campo. Le deseo lo mejor al cuerpo t\u00e9cnico que ya no est\u00e1. La gente en Ecuador qued\u00f3 muy insatisfecha por lo que pas\u00f3, esperemos que se llegue a un buen acuerdo y el nuevo entrenador que elija la directiva sepa que hay cosas que deben cambiar\u201d, reconoci\u00f3 &#8216;Jeff&#8217;.<\/p>\n","protected":false},"excerpt":{"rendered":"<p>Jefferson Montero jugador del Swansea City en entrevista con Fox Sports, coment\u00f3 varias situaciones que ocurrieron durante la participaci\u00f3n de<\/p>\n","protected":false},"author":1,"featured_media":0,"comment_status":"open","ping_status":"open","sticky":false,"template":"","format":"standard","meta":{"footnotes":""},"categories":[10],"tags":[],"_links":{"self":[{"href":"https:\/\/www.ecuadoraldia.com.ec\/index.php?rest_route=\/wp\/v2\/posts\/4279"}],"collection":[{"href":"https:\/\/www.ecuadoraldia.com.ec\/index.php?rest_route=\/wp\/v2\/posts"}],"about":[{"href":"https:\/\/www.ecuadoraldia.com.ec\/index.php?rest_route=\/wp\/v2\/types\/post"}],"author":[{"embeddable":true,"href":"https:\/\/www.ecuadoraldia.com.ec\/index.php?rest_route=\/wp\/v2\/users\/1"}],"replies":[{"embeddable":true,"href":"https:\/\/www.ecuadoraldia.com.ec\/index.php?rest_route=%2Fwp%2Fv2%2Fcomments&post=4279"}],"version-history":[{"count":1,"href":"https:\/\/www.ecuadoraldia.com.ec\/index.php?rest_route=\/wp\/v2\/posts\/4279\/revisions"}],"predecessor-version":[{"id":4281,"href":"https:\/\/www.ecuadoraldia.com.ec\/index.php?rest_route=\/wp\/v2\/posts\/4279\/revisions\/4281"}],"wp:attachment":[{"href":"https:\/\/www.ecuadoraldia.com.ec\/index.php?rest_route=%2Fwp%2Fv2%2Fmedia&parent=4279"}],"wp:term":[{"taxonomy":"category","embeddable":true,"href":"https:\/\/www.ecuadoraldia.com.ec\/index.php?rest_route=%2Fwp%2Fv2%2Fcategories&post=4279"},{"taxonomy":"post_tag","embeddable":true,"href":"https:\/\/www.ecuadoraldia.com.ec\/index.php?rest_route=%2Fwp%2Fv2%2Ftags&post=4279"}],"curies":[{"name":"wp","href":"https:\/\/api.w.org\/{rel}","templated":true}]}}