{"id":4282,"date":"2014-08-14T19:27:06","date_gmt":"2014-08-14T19:27:06","guid":{"rendered":"http:\/\/www.ecuadoraldia.com.ec\/?p=4282"},"modified":"2014-08-14T19:27:06","modified_gmt":"2014-08-14T19:27:06","slug":"hija-de-hugo-chavez-representara-a-venezuela-ante-la-onu","status":"publish","type":"post","link":"https:\/\/www.ecuadoraldia.com.ec\/?p=4282","title":{"rendered":"Hija de Hugo Ch\u00e1vez representar\u00e1 a Venezuela ante la ONU"},"content":{"rendered":"<p><a href=\"http:\/\/www.ecuadoraldia.com.ec\/wp-content\/uploads\/2014\/08\/gabi.jpg\"><img loading=\"lazy\" decoding=\"async\" class=\"alignleft size-medium wp-image-4283\" src=\"http:\/\/www.ecuadoraldia.com.ec\/wp-content\/uploads\/2014\/08\/gabi-300x200.jpg\" alt=\"gabi\" width=\"300\" height=\"200\" srcset=\"https:\/\/www.ecuadoraldia.com.ec\/wp-content\/uploads\/2014\/08\/gabi-300x200.jpg 300w, https:\/\/www.ecuadoraldia.com.ec\/wp-content\/uploads\/2014\/08\/gabi.jpg 450w\" sizes=\"(max-width: 300px) 100vw, 300px\" \/><\/a>Agencia AFP. El Gobierno venezolano anunci\u00f3 este mi\u00e9rcoles la designaci\u00f3n de Mar\u00eda Gabriela Ch\u00e1vez, hija del fallecido Hugo Ch\u00e1vez, como embajadora alterna de Venezuela ante la Organizaci\u00f3n de las Naciones Unidas (ONU).<\/p>\n<p>\u00abEl presidente Nicol\u00e1s Maduro (&#8230;) ha designado a Mar\u00eda Gabriela Ch\u00e1vez como embajadora alterna (de Venezuela) ante las Naciones Unidas\u00bb, dijo el canciller venezolano, El\u00edas Jaua, este mi\u00e9rcoles en una plaza al oeste de Caracas.<\/p>\n<p>Jaua asegur\u00f3 que la designaci\u00f3n persigue que \u00abse lleve ese mensaje profundo del Comandante Hugo Ch\u00e1vez\u00bb a la ONU, en d\u00edas en que la ofensiva militar israel\u00ed sobre Gaza ha causado la muerte de casi 2.000 palestinos -en su mayor\u00eda civiles- y de 64 militares y tres civiles en Israel.<\/p>\n<p>El canciller venezolano, acompa\u00f1ado por su par palestino Riad al Malki, reiter\u00f3 en su discurso que debe castigarse a Israel y se\u00f1al\u00f3 que la comisi\u00f3n designada por la ONU para indagar posibles violaciones de leyes humanitarias internacionales \u00abno debe quedarse solamente en una mera investigaci\u00f3n, ya basta de impunidad\u00bb.<\/p>\n<p>Por su parte, el palestino al Malki asegur\u00f3 que los ni\u00f1os afectados por el conflicto \u00abllegar\u00e1n muy pronto aqu\u00ed (a Venezuela)\u00bb, atendiendo la invitaci\u00f3n del gobierno venezolano de dar abrigo a las v\u00edctimas del conflicto.<\/p>\n","protected":false},"excerpt":{"rendered":"<p>Agencia AFP. El Gobierno venezolano anunci\u00f3 este mi\u00e9rcoles la designaci\u00f3n de Mar\u00eda Gabriela Ch\u00e1vez, hija del fallecido Hugo Ch\u00e1vez, como<\/p>\n","protected":false},"author":1,"featured_media":0,"comment_status":"open","ping_status":"open","sticky":false,"template":"","format":"standard","meta":{"footnotes":""},"categories":[7],"tags":[],"_links":{"self":[{"href":"https:\/\/www.ecuadoraldia.com.ec\/index.php?rest_route=\/wp\/v2\/posts\/4282"}],"collection":[{"href":"https:\/\/www.ecuadoraldia.com.ec\/index.php?rest_route=\/wp\/v2\/posts"}],"about":[{"href":"https:\/\/www.ecuadoraldia.com.ec\/index.php?rest_route=\/wp\/v2\/types\/post"}],"author":[{"embeddable":true,"href":"https:\/\/www.ecuadoraldia.com.ec\/index.php?rest_route=\/wp\/v2\/users\/1"}],"replies":[{"embeddable":true,"href":"https:\/\/www.ecuadoraldia.com.ec\/index.php?rest_route=%2Fwp%2Fv2%2Fcomments&post=4282"}],"version-history":[{"count":1,"href":"https:\/\/www.ecuadoraldia.com.ec\/index.php?rest_route=\/wp\/v2\/posts\/4282\/revisions"}],"predecessor-version":[{"id":4284,"href":"https:\/\/www.ecuadoraldia.com.ec\/index.php?rest_route=\/wp\/v2\/posts\/4282\/revisions\/4284"}],"wp:attachment":[{"href":"https:\/\/www.ecuadoraldia.com.ec\/index.php?rest_route=%2Fwp%2Fv2%2Fmedia&parent=4282"}],"wp:term":[{"taxonomy":"category","embeddable":true,"href":"https:\/\/www.ecuadoraldia.com.ec\/index.php?rest_route=%2Fwp%2Fv2%2Fcategories&post=4282"},{"taxonomy":"post_tag","embeddable":true,"href":"https:\/\/www.ecuadoraldia.com.ec\/index.php?rest_route=%2Fwp%2Fv2%2Ftags&post=4282"}],"curies":[{"name":"wp","href":"https:\/\/api.w.org\/{rel}","templated":true}]}}