{"id":4285,"date":"2014-08-14T19:29:13","date_gmt":"2014-08-14T19:29:13","guid":{"rendered":"http:\/\/www.ecuadoraldia.com.ec\/?p=4285"},"modified":"2014-08-14T19:29:13","modified_gmt":"2014-08-14T19:29:13","slug":"fenocin-pasara-del-socialismo-a-alianza-pais","status":"publish","type":"post","link":"https:\/\/www.ecuadoraldia.com.ec\/?p=4285","title":{"rendered":"Fenocin pasar\u00e1 del socialismo a Alianza PAIS"},"content":{"rendered":"<p><a href=\"http:\/\/www.ecuadoraldia.com.ec\/wp-content\/uploads\/2014\/08\/fno.jpg\"><img loading=\"lazy\" decoding=\"async\" class=\"alignleft size-medium wp-image-4286\" src=\"http:\/\/www.ecuadoraldia.com.ec\/wp-content\/uploads\/2014\/08\/fno-300x167.jpg\" alt=\"fno\" width=\"300\" height=\"167\" srcset=\"https:\/\/www.ecuadoraldia.com.ec\/wp-content\/uploads\/2014\/08\/fno-300x167.jpg 300w, https:\/\/www.ecuadoraldia.com.ec\/wp-content\/uploads\/2014\/08\/fno-1024x572.jpg 1024w, https:\/\/www.ecuadoraldia.com.ec\/wp-content\/uploads\/2014\/08\/fno.jpg 1400w\" sizes=\"(max-width: 300px) 100vw, 300px\" \/><\/a>(Fenocin), Pedro de la Cruz, anunci\u00f3 ayer su desafiliaci\u00f3n del Partido Socialista, pero seguir\u00e1 apoyando a Alianza PAIS (AP) y no descarta afiliarse al oficialismo.<\/p>\n<p>Dijo que sus compa\u00f1eros se ir\u00e1n desafiliando \u201cen cadena\u201d.<\/p>\n<p>La separaci\u00f3n se da, agreg\u00f3, por la falta de autonom\u00eda en la toma de decisiones. \u201cUno y otro sector del Partido Socialista han tratado de manipular a la Fenocin, ya pasaron esos tiempos donde solo nos llamaban para movilizarse y no para participar en decisiones, y este conflicto que existe dentro del partido ha afectado a la Fenocin\u201d.<\/p>\n<p>Relat\u00f3 que cuando particip\u00f3 como candidato a asamble\u00edsta y al Parlamento Andino no tuvo el apoyo de este. \u201cLos miembros del partido ante el Parlamento Andino han tratado de boicotear mi gesti\u00f3n (&#8230;), si no hubiera sido por el apoyo del presidente de la Rep\u00fablica no hubiera sido presidente este representante ind\u00edgena\u201d.<\/p>\n<p>Santos Villamar, presidente de la Fenocin, ratific\u00f3 que esa organizaci\u00f3n se mantendr\u00e1 al margen del socialismo por los problemas internos.<\/p>\n<p>Fabi\u00e1n Solano, dirigente del Partido Socialista, lament\u00f3 la decisi\u00f3n, pero indic\u00f3 que con el apoyo de los socialistas lleg\u00f3 a representar en la Asamblea y adem\u00e1s como parlamentario andino. \u201cNo nos queda m\u00e1s que decirle que le vaya bonito, pues el Partido Socialista est\u00e1 m\u00e1s activo y vigente que nunca\u201d. Y resalt\u00f3 que seguir\u00e1n apoyando a AP y a las autoridades locales que salieron electas.<\/p>\n<p>Aclar\u00f3 que en el partido no hay divisiones, y que muchos socialistas han dejado el partido para irse al oficialismo.(Universo)<\/p>\n","protected":false},"excerpt":{"rendered":"<p>(Fenocin), Pedro de la Cruz, anunci\u00f3 ayer su desafiliaci\u00f3n del Partido Socialista, pero seguir\u00e1 apoyando a Alianza PAIS (AP) y<\/p>\n","protected":false},"author":1,"featured_media":0,"comment_status":"open","ping_status":"open","sticky":false,"template":"","format":"standard","meta":{"footnotes":""},"categories":[3],"tags":[],"_links":{"self":[{"href":"https:\/\/www.ecuadoraldia.com.ec\/index.php?rest_route=\/wp\/v2\/posts\/4285"}],"collection":[{"href":"https:\/\/www.ecuadoraldia.com.ec\/index.php?rest_route=\/wp\/v2\/posts"}],"about":[{"href":"https:\/\/www.ecuadoraldia.com.ec\/index.php?rest_route=\/wp\/v2\/types\/post"}],"author":[{"embeddable":true,"href":"https:\/\/www.ecuadoraldia.com.ec\/index.php?rest_route=\/wp\/v2\/users\/1"}],"replies":[{"embeddable":true,"href":"https:\/\/www.ecuadoraldia.com.ec\/index.php?rest_route=%2Fwp%2Fv2%2Fcomments&post=4285"}],"version-history":[{"count":1,"href":"https:\/\/www.ecuadoraldia.com.ec\/index.php?rest_route=\/wp\/v2\/posts\/4285\/revisions"}],"predecessor-version":[{"id":4287,"href":"https:\/\/www.ecuadoraldia.com.ec\/index.php?rest_route=\/wp\/v2\/posts\/4285\/revisions\/4287"}],"wp:attachment":[{"href":"https:\/\/www.ecuadoraldia.com.ec\/index.php?rest_route=%2Fwp%2Fv2%2Fmedia&parent=4285"}],"wp:term":[{"taxonomy":"category","embeddable":true,"href":"https:\/\/www.ecuadoraldia.com.ec\/index.php?rest_route=%2Fwp%2Fv2%2Fcategories&post=4285"},{"taxonomy":"post_tag","embeddable":true,"href":"https:\/\/www.ecuadoraldia.com.ec\/index.php?rest_route=%2Fwp%2Fv2%2Ftags&post=4285"}],"curies":[{"name":"wp","href":"https:\/\/api.w.org\/{rel}","templated":true}]}}