{"id":4288,"date":"2014-08-14T19:31:18","date_gmt":"2014-08-14T19:31:18","guid":{"rendered":"http:\/\/www.ecuadoraldia.com.ec\/?p=4288"},"modified":"2014-08-14T19:31:18","modified_gmt":"2014-08-14T19:31:18","slug":"comision-empieza-renovacion-del-cne","status":"publish","type":"post","link":"https:\/\/www.ecuadoraldia.com.ec\/?p=4288","title":{"rendered":"Comisi\u00f3n empieza renovaci\u00f3n del CNE"},"content":{"rendered":"<p><a href=\"http:\/\/www.ecuadoraldia.com.ec\/wp-content\/uploads\/2014\/08\/cpccs-cne.jpg\"><img loading=\"lazy\" decoding=\"async\" class=\"alignleft size-medium wp-image-4289\" src=\"http:\/\/www.ecuadoraldia.com.ec\/wp-content\/uploads\/2014\/08\/cpccs-cne-300x167.jpg\" alt=\"cpccs cne\" width=\"300\" height=\"167\" srcset=\"https:\/\/www.ecuadoraldia.com.ec\/wp-content\/uploads\/2014\/08\/cpccs-cne-300x167.jpg 300w, https:\/\/www.ecuadoraldia.com.ec\/wp-content\/uploads\/2014\/08\/cpccs-cne-1024x572.jpg 1024w, https:\/\/www.ecuadoraldia.com.ec\/wp-content\/uploads\/2014\/08\/cpccs-cne.jpg 1400w\" sizes=\"(max-width: 300px) 100vw, 300px\" \/><\/a>La carrera para designar a dos vocales del Consejo Nacional Electoral (CNE) \u2013que atraviesa un proceso para su renovaci\u00f3n parcial\u2013 empieza desde hoy, una vez que la Comisi\u00f3n Ciudadana de Selecci\u00f3n (CCS) se instalar\u00e1 en su primera sesi\u00f3n a las 10:00.<\/p>\n<p>El pleno del Consejo de Participaci\u00f3n Ciudadana y Control Social (CPC) posesion\u00f3 ayer a esta instancia, que est\u00e1 integrada por diez personas, quienes se encargar\u00e1n de organizar y designar a dos nuevos vocales electorales, en cumplimiento a la transitoria und\u00e9cima de la Constituci\u00f3n vigente desde el 2008 que establece la salida de dos de los actuales miembros del CNE, mediante un sorteo p\u00fablico.<\/p>\n<p>Este mecanismo se realizar\u00e1 el d\u00eda en que la comisi\u00f3n convoque a los postulantes a rendir el examen de conocimientos, explic\u00f3 la consejera del CPC, Marcela Miranda.<\/p>\n<p>\u201cDe los cinco consejeros que est\u00e1n ahora actuando saldr\u00e1n dos. Si salen dos mujeres, se elegir\u00e1n dos mujeres; si sale un hombre y una mujer, ah\u00ed hay dos opciones: que entre los mejor puntuados, entrar\u00eda un hombre o una mujer, o dos mujeres si son las mejor puntuadas, as\u00ed se aprob\u00f3 el reglamento\u201d, dijo Miranda.<\/p>\n<p>Dentro de esta norma espec\u00edfica, el Consejo determin\u00f3 que la etapa de impugnaci\u00f3n ciudadana se realice al inicio del concurso y no al final, como se hac\u00eda en los concursos de m\u00e9ritos anteriores.<\/p>\n<p>\u00c1lvaro Encalada, miembro de esta comisi\u00f3n ciudadana, cont\u00f3 brevemente que hoy se prev\u00e9 instalar la primera sesi\u00f3n y en ella se discutir\u00eda la elaboraci\u00f3n del cronograma para elegir a los dos vocales.<\/p>\n<p>Actualmente, el Consejo Electoral est\u00e1 integrado por los consejeros Domingo Paredes, Juan Pablo Pozo, Pa\u00fal Salazar, Magdala Villac\u00eds y Roxana Silva, posesionados en noviembre del 2011.<\/p>\n","protected":false},"excerpt":{"rendered":"<p>La carrera para designar a dos vocales del Consejo Nacional Electoral (CNE) \u2013que atraviesa un proceso para su renovaci\u00f3n parcial\u2013<\/p>\n","protected":false},"author":1,"featured_media":0,"comment_status":"open","ping_status":"open","sticky":false,"template":"","format":"standard","meta":{"footnotes":""},"categories":[1],"tags":[],"_links":{"self":[{"href":"https:\/\/www.ecuadoraldia.com.ec\/index.php?rest_route=\/wp\/v2\/posts\/4288"}],"collection":[{"href":"https:\/\/www.ecuadoraldia.com.ec\/index.php?rest_route=\/wp\/v2\/posts"}],"about":[{"href":"https:\/\/www.ecuadoraldia.com.ec\/index.php?rest_route=\/wp\/v2\/types\/post"}],"author":[{"embeddable":true,"href":"https:\/\/www.ecuadoraldia.com.ec\/index.php?rest_route=\/wp\/v2\/users\/1"}],"replies":[{"embeddable":true,"href":"https:\/\/www.ecuadoraldia.com.ec\/index.php?rest_route=%2Fwp%2Fv2%2Fcomments&post=4288"}],"version-history":[{"count":1,"href":"https:\/\/www.ecuadoraldia.com.ec\/index.php?rest_route=\/wp\/v2\/posts\/4288\/revisions"}],"predecessor-version":[{"id":4290,"href":"https:\/\/www.ecuadoraldia.com.ec\/index.php?rest_route=\/wp\/v2\/posts\/4288\/revisions\/4290"}],"wp:attachment":[{"href":"https:\/\/www.ecuadoraldia.com.ec\/index.php?rest_route=%2Fwp%2Fv2%2Fmedia&parent=4288"}],"wp:term":[{"taxonomy":"category","embeddable":true,"href":"https:\/\/www.ecuadoraldia.com.ec\/index.php?rest_route=%2Fwp%2Fv2%2Fcategories&post=4288"},{"taxonomy":"post_tag","embeddable":true,"href":"https:\/\/www.ecuadoraldia.com.ec\/index.php?rest_route=%2Fwp%2Fv2%2Ftags&post=4288"}],"curies":[{"name":"wp","href":"https:\/\/api.w.org\/{rel}","templated":true}]}}