{"id":4292,"date":"2014-08-14T23:05:38","date_gmt":"2014-08-14T23:05:38","guid":{"rendered":"http:\/\/www.ecuadoraldia.com.ec\/?p=4292"},"modified":"2014-08-14T23:05:58","modified_gmt":"2014-08-14T23:05:58","slug":"intensos-perativo-de-control-en-canteras-por-parte-de-autoridades","status":"publish","type":"post","link":"https:\/\/www.ecuadoraldia.com.ec\/?p=4292","title":{"rendered":"Intensos perativos de control en canteras por parte de autoridades"},"content":{"rendered":"<p><a href=\"http:\/\/www.ecuadoraldia.com.ec\/wp-content\/uploads\/2014\/08\/cierre-cantera.jpg\"><img loading=\"lazy\" decoding=\"async\" class=\"alignleft size-medium wp-image-4293\" src=\"http:\/\/www.ecuadoraldia.com.ec\/wp-content\/uploads\/2014\/08\/cierre-cantera-300x200.jpg\" alt=\"cierre-cantera\" width=\"300\" height=\"200\" srcset=\"https:\/\/www.ecuadoraldia.com.ec\/wp-content\/uploads\/2014\/08\/cierre-cantera-300x200.jpg 300w, https:\/\/www.ecuadoraldia.com.ec\/wp-content\/uploads\/2014\/08\/cierre-cantera.jpg 600w\" sizes=\"(max-width: 300px) 100vw, 300px\" \/><\/a>Un operativo de control de actividades en las canteras se realiza desde hace pocos minutos en San Antonio de Pichincha. Las acciones, en donde interviene personal policial y militar, se iniciaron en la v\u00eda a Calacal\u00ed.<\/p>\n<p>La Secretaria de Gesti\u00f3n de Riesgos suspendi\u00f3 las actividades en las canteras de esta parroquia en vista de la alto nivel de amenazas ante movimientos de tierra.<\/p>\n<p>En la resoluci\u00f3n se determina la necesidad de una revisi\u00f3n exhaustiva de la explotaci\u00f3n de estas canteras, para que se cuente con las validaciones que permitan y garanticen una explotaci\u00f3n segura sin que \u00e9sta afecte a la ciudadan\u00eda.<\/p>\n<p>Javier C\u00f3rdova, viceministro del Interior, dijo que el COE coordinar\u00e1 las acciones que emprenda la Agencia de Regulaci\u00f3n y Control Minero (Arcom) para precautelar la vida de la ciudadan\u00eda, una vez que la Secretar\u00eda de Gesti\u00f3n de Riesgos suspendi\u00f3 dichas labores.<\/p>\n<p>El viceministro detall\u00f3 que hay personal de la Polic\u00eda que se encuentra en patrullaje permanente para garantizar la seguridad de los quite\u00f1os. Dijo que el personal tambi\u00e9n est\u00e1 presto a ayudar en las labores de rescate.<\/p>\n<p>El funcionario precis\u00f3 que en las mesas de trabajo se emprender\u00e1n acciones para atender los da\u00f1os en estructuras de vivienda, por ejemplo, en el caso de la mesa de Infraestructura o de Atenci\u00f3n ciudadana para garantizar la atenci\u00f3n para la evacuaci\u00f3n y refugio. \u00abEstamos activos todas las instituciones para dar respuesta integral a las necesidades ciudadanas\u00bb, dijo.<\/p>\n<p>Desde el miercoles pasado las autoridades realizan intensas actividades para evitar la perdida de vidas humanas ante posibles deslizamientos de tierras, tal como sucedi\u00f2 el martes tras el sismo de 5.1 grados que soporto Quito.<\/p>\n","protected":false},"excerpt":{"rendered":"<p>Un operativo de control de actividades en las canteras se realiza desde hace pocos minutos en San Antonio de Pichincha.<\/p>\n","protected":false},"author":1,"featured_media":0,"comment_status":"open","ping_status":"open","sticky":false,"template":"","format":"standard","meta":{"footnotes":""},"categories":[1],"tags":[],"_links":{"self":[{"href":"https:\/\/www.ecuadoraldia.com.ec\/index.php?rest_route=\/wp\/v2\/posts\/4292"}],"collection":[{"href":"https:\/\/www.ecuadoraldia.com.ec\/index.php?rest_route=\/wp\/v2\/posts"}],"about":[{"href":"https:\/\/www.ecuadoraldia.com.ec\/index.php?rest_route=\/wp\/v2\/types\/post"}],"author":[{"embeddable":true,"href":"https:\/\/www.ecuadoraldia.com.ec\/index.php?rest_route=\/wp\/v2\/users\/1"}],"replies":[{"embeddable":true,"href":"https:\/\/www.ecuadoraldia.com.ec\/index.php?rest_route=%2Fwp%2Fv2%2Fcomments&post=4292"}],"version-history":[{"count":2,"href":"https:\/\/www.ecuadoraldia.com.ec\/index.php?rest_route=\/wp\/v2\/posts\/4292\/revisions"}],"predecessor-version":[{"id":4295,"href":"https:\/\/www.ecuadoraldia.com.ec\/index.php?rest_route=\/wp\/v2\/posts\/4292\/revisions\/4295"}],"wp:attachment":[{"href":"https:\/\/www.ecuadoraldia.com.ec\/index.php?rest_route=%2Fwp%2Fv2%2Fmedia&parent=4292"}],"wp:term":[{"taxonomy":"category","embeddable":true,"href":"https:\/\/www.ecuadoraldia.com.ec\/index.php?rest_route=%2Fwp%2Fv2%2Fcategories&post=4292"},{"taxonomy":"post_tag","embeddable":true,"href":"https:\/\/www.ecuadoraldia.com.ec\/index.php?rest_route=%2Fwp%2Fv2%2Ftags&post=4292"}],"curies":[{"name":"wp","href":"https:\/\/api.w.org\/{rel}","templated":true}]}}