{"id":4296,"date":"2014-08-15T12:38:49","date_gmt":"2014-08-15T12:38:49","guid":{"rendered":"http:\/\/www.ecuadoraldia.com.ec\/?p=4296"},"modified":"2014-08-15T12:38:49","modified_gmt":"2014-08-15T12:38:49","slug":"yurak-pacha-quiera-ser-la-mejor","status":"publish","type":"post","link":"https:\/\/www.ecuadoraldia.com.ec\/?p=4296","title":{"rendered":"Yurak Pacha quiera ser la mejor"},"content":{"rendered":"<p><a href=\"http:\/\/www.ecuadoraldia.com.ec\/wp-content\/uploads\/2014\/08\/yrak.jpg\"><img loading=\"lazy\" decoding=\"async\" class=\"alignleft size-medium wp-image-4297\" src=\"http:\/\/www.ecuadoraldia.com.ec\/wp-content\/uploads\/2014\/08\/yrak-300x225.jpg\" alt=\"yrak\" width=\"300\" height=\"225\" srcset=\"https:\/\/www.ecuadoraldia.com.ec\/wp-content\/uploads\/2014\/08\/yrak-300x225.jpg 300w, https:\/\/www.ecuadoraldia.com.ec\/wp-content\/uploads\/2014\/08\/yrak.jpg 610w\" sizes=\"(max-width: 300px) 100vw, 300px\" \/><\/a>De esp\u00edritu libre, poseedora de unos con ojos expresivos y due\u00f1a una voz prodigiosa, son las principales caracter\u00edsticas de Yurak Pacha, una bella y talentosa joven del cant\u00f3n Colta de la provincia de Chimborazo que se suma al staff de \u201cSoy El Mejor\u201d, reality que se transmite de lunes a viernes a partir de las 21h00 por la se\u00f1al de TC Mi Canal.<\/p>\n<p>Yurak, pertenece al pueblo Puruh\u00e1 y se inici\u00f3 en la m\u00fasica a la edad de 11 a\u00f1os estudiando piano y guitarra en el Colegio de M\u00fasica Gral. Vicente Anda Aguirre de la ciudad de Riobamba, a su corta edad ha participado en importantes eventos como el festival \u201cUn canto por la vida\u201d organizado por las Escuelas Radiof\u00f3nicas Populares del Ecuador donde obtuvo el primer lugar; as\u00ed mismo, particip\u00f3 en la Feria Internacional \u201cKOFA\u201d en Corea del Sur, donde logr\u00f3 el premio a la Mejor Presentaci\u00f3n Art\u00edstica con la obra musical \u201cLOS CUATRO MUNDOS DE ECUADOR\u201d recorriendo ciudades como Beij\u00edn, Guangzhou y Shangh\u00e1i en China.<\/p>\n<p>YURAK PACHA 300&#215;162 YURAK PACHA QUIERE SER LA MEJOR \u201cLOS CUATRO MUNDOS DE ECUADOR\u201d Yurak Pacha quiere ganar Soy el Mejor Yurak Pacha en Soy el Mejor Yurak Pacha Tc Mi Canal staff de \u201cSoy El Mejor\u201d Soy el Mejor Yurak Pacha reallity staff de \u201cSoy El Mejor\u201d quien es Yurak Pacha pueblo Puruh\u00e1 participaciones de Yurak Pacha interpretar canciones en kichwua de donde es Yurak Pacha canciones en kichwua<br \/>\nYURAK PACHA<br \/>\nCabe destacar que la bella integrante, quien destaca por su talento y por componer e interpretar canciones en kichwua particip\u00f3 junto a la Orquesta de Instrumentos Andinos en varios eventos organizados por la Fundaci\u00f3n Teatro Nacional Sucre; adem\u00e1s form\u00f3 parte del lanzamiento del disco YAKU \u201cSur a Sur \u2013 Runa Taki\u201d y particip\u00f3 en el concierto LA TERNURA DEL KICHWA junto a la Orquesta Sinf\u00f3nica Nacional del Ecuador.<\/p>\n<p>Yurak, quien es fundadora y directora del grupo femenino de m\u00fasica andina denominado \u201cYANANDY\u201d, con el fin de complementar su gusto por la m\u00fasica y el amor a sus ra\u00edces, decidi\u00f3 estudiar de manera autodidacta el canto y ritmos tradicionales.<\/p>\n<p>De esta manera TC Mi Canal con la finalidad de apoyar el talento ecuatoriano y destacar nuestras ra\u00edces y cultura le da bienvenida a su nueva integrante a la familia, quien sin duda enamorar\u00e1 a los televidentes con su dulce e impecable voz.<\/p>\n","protected":false},"excerpt":{"rendered":"<p>De esp\u00edritu libre, poseedora de unos con ojos expresivos y due\u00f1a una voz prodigiosa, son las principales caracter\u00edsticas de Yurak<\/p>\n","protected":false},"author":1,"featured_media":0,"comment_status":"open","ping_status":"open","sticky":false,"template":"","format":"standard","meta":{"footnotes":""},"categories":[1],"tags":[],"_links":{"self":[{"href":"https:\/\/www.ecuadoraldia.com.ec\/index.php?rest_route=\/wp\/v2\/posts\/4296"}],"collection":[{"href":"https:\/\/www.ecuadoraldia.com.ec\/index.php?rest_route=\/wp\/v2\/posts"}],"about":[{"href":"https:\/\/www.ecuadoraldia.com.ec\/index.php?rest_route=\/wp\/v2\/types\/post"}],"author":[{"embeddable":true,"href":"https:\/\/www.ecuadoraldia.com.ec\/index.php?rest_route=\/wp\/v2\/users\/1"}],"replies":[{"embeddable":true,"href":"https:\/\/www.ecuadoraldia.com.ec\/index.php?rest_route=%2Fwp%2Fv2%2Fcomments&post=4296"}],"version-history":[{"count":1,"href":"https:\/\/www.ecuadoraldia.com.ec\/index.php?rest_route=\/wp\/v2\/posts\/4296\/revisions"}],"predecessor-version":[{"id":4298,"href":"https:\/\/www.ecuadoraldia.com.ec\/index.php?rest_route=\/wp\/v2\/posts\/4296\/revisions\/4298"}],"wp:attachment":[{"href":"https:\/\/www.ecuadoraldia.com.ec\/index.php?rest_route=%2Fwp%2Fv2%2Fmedia&parent=4296"}],"wp:term":[{"taxonomy":"category","embeddable":true,"href":"https:\/\/www.ecuadoraldia.com.ec\/index.php?rest_route=%2Fwp%2Fv2%2Fcategories&post=4296"},{"taxonomy":"post_tag","embeddable":true,"href":"https:\/\/www.ecuadoraldia.com.ec\/index.php?rest_route=%2Fwp%2Fv2%2Ftags&post=4296"}],"curies":[{"name":"wp","href":"https:\/\/api.w.org\/{rel}","templated":true}]}}