{"id":4299,"date":"2014-08-15T12:41:52","date_gmt":"2014-08-15T12:41:52","guid":{"rendered":"http:\/\/www.ecuadoraldia.com.ec\/?p=4299"},"modified":"2014-08-15T12:41:52","modified_gmt":"2014-08-15T12:41:52","slug":"alcalde-espera-criterio-de-la-unesco-sobre-tranvia","status":"publish","type":"post","link":"https:\/\/www.ecuadoraldia.com.ec\/?p=4299","title":{"rendered":"Alcalde espera criterio de la UNESCO sobre tranv\u00eda"},"content":{"rendered":"<p><a href=\"http:\/\/www.ecuadoraldia.com.ec\/wp-content\/uploads\/2014\/08\/tranvia.jpg\"><img loading=\"lazy\" decoding=\"async\" class=\"alignleft size-medium wp-image-4300\" src=\"http:\/\/www.ecuadoraldia.com.ec\/wp-content\/uploads\/2014\/08\/tranvia-300x194.jpg\" alt=\"tranvia\" width=\"300\" height=\"194\" srcset=\"https:\/\/www.ecuadoraldia.com.ec\/wp-content\/uploads\/2014\/08\/tranvia-300x194.jpg 300w, https:\/\/www.ecuadoraldia.com.ec\/wp-content\/uploads\/2014\/08\/tranvia.jpg 470w\" sizes=\"(max-width: 300px) 100vw, 300px\" \/><\/a>El alcalde Marcelo Cabrera manifest\u00f3 que esperar\u00e1 el criterio de la comisi\u00f3n de la UNESCO sobre el Proyecto Tranv\u00eda, en respuesta a las declaraciones dadas el mi\u00e9rcoles anterior por el presidente Rafael Correa en su visita a la ciudad, quien manifest\u00f3 que el apoyo al tranv\u00eda se mantendr\u00e1 si se respeta el recorrido por el Centro Hist\u00f3rico de la ciudad.<\/p>\n<p>Fecha de Publicaci\u00f3n: 2014-08-15 00:00<\/p>\n<p>\u201cEse tranv\u00eda se hizo con mucha seriedad. Si cambia el trazado, ah\u00ed s\u00ed no mantenemos el compromiso. El compromiso fue con ese trazado, ojal\u00e1 no se politice\u201d, dijo Correa.<\/p>\n<p>\u201cEstamos apoyando, ya entregamos 80 millones de d\u00f3lares\u201d, dijo el mandatario y agreg\u00f3 que el compromiso fue con la ciudad, no con el alcalde.<br \/>\nCabrera manifest\u00f3 que tiene una responsabilidad sobre la ciudad y que esperar\u00e1 que la UNESCO emita su criterio sobre el tranv\u00eda. \u201cNosotros tenemos que precautelar a Cuenca en su declaratoria como Patrimonio Cultural de la Humanidad, nosotros analizaremos y tomaremos la decisi\u00f3n m\u00e1s conveniente para la ciudad de Cuenca no para el alcalde\u201d, dijo Cabrera.<\/p>\n<p>Agreg\u00f3 que \u201clos integrantes de la comisi\u00f3n tendr\u00e1n reuniones con los representantes de las c\u00e1maras de la producci\u00f3n, universidades y con las autoridades, de tal manera que esperamos la visi\u00f3n que den al respecto\u201d.<\/p>\n<p>Desde el lunes pr\u00f3ximo hasta el jueves, una comisi\u00f3n de la UNESCO visitar\u00e1 la ciudad, por pedido de la Alcald\u00eda de Cuenca, la cual har\u00e1 una evaluaci\u00f3n t\u00e9cnica patrimonial y de los posibles impactos de la implementaci\u00f3n del tranv\u00eda. (El tiempo)<\/p>\n","protected":false},"excerpt":{"rendered":"<p>El alcalde Marcelo Cabrera manifest\u00f3 que esperar\u00e1 el criterio de la comisi\u00f3n de la UNESCO sobre el Proyecto Tranv\u00eda, en<\/p>\n","protected":false},"author":1,"featured_media":0,"comment_status":"open","ping_status":"open","sticky":false,"template":"","format":"standard","meta":{"footnotes":""},"categories":[1],"tags":[],"_links":{"self":[{"href":"https:\/\/www.ecuadoraldia.com.ec\/index.php?rest_route=\/wp\/v2\/posts\/4299"}],"collection":[{"href":"https:\/\/www.ecuadoraldia.com.ec\/index.php?rest_route=\/wp\/v2\/posts"}],"about":[{"href":"https:\/\/www.ecuadoraldia.com.ec\/index.php?rest_route=\/wp\/v2\/types\/post"}],"author":[{"embeddable":true,"href":"https:\/\/www.ecuadoraldia.com.ec\/index.php?rest_route=\/wp\/v2\/users\/1"}],"replies":[{"embeddable":true,"href":"https:\/\/www.ecuadoraldia.com.ec\/index.php?rest_route=%2Fwp%2Fv2%2Fcomments&post=4299"}],"version-history":[{"count":1,"href":"https:\/\/www.ecuadoraldia.com.ec\/index.php?rest_route=\/wp\/v2\/posts\/4299\/revisions"}],"predecessor-version":[{"id":4301,"href":"https:\/\/www.ecuadoraldia.com.ec\/index.php?rest_route=\/wp\/v2\/posts\/4299\/revisions\/4301"}],"wp:attachment":[{"href":"https:\/\/www.ecuadoraldia.com.ec\/index.php?rest_route=%2Fwp%2Fv2%2Fmedia&parent=4299"}],"wp:term":[{"taxonomy":"category","embeddable":true,"href":"https:\/\/www.ecuadoraldia.com.ec\/index.php?rest_route=%2Fwp%2Fv2%2Fcategories&post=4299"},{"taxonomy":"post_tag","embeddable":true,"href":"https:\/\/www.ecuadoraldia.com.ec\/index.php?rest_route=%2Fwp%2Fv2%2Ftags&post=4299"}],"curies":[{"name":"wp","href":"https:\/\/api.w.org\/{rel}","templated":true}]}}