{"id":4305,"date":"2014-08-15T12:48:49","date_gmt":"2014-08-15T12:48:49","guid":{"rendered":"http:\/\/www.ecuadoraldia.com.ec\/?p=4305"},"modified":"2014-08-15T12:48:49","modified_gmt":"2014-08-15T12:48:49","slug":"con-camaras-se-brindara-seguridad-en-mercados","status":"publish","type":"post","link":"https:\/\/www.ecuadoraldia.com.ec\/?p=4305","title":{"rendered":"Con c\u00e1maras se brindar\u00e1 seguridad en mercados"},"content":{"rendered":"<p><a href=\"http:\/\/www.ecuadoraldia.com.ec\/wp-content\/uploads\/2014\/08\/marcados.jpg\"><img loading=\"lazy\" decoding=\"async\" class=\"alignleft size-medium wp-image-4306\" src=\"http:\/\/www.ecuadoraldia.com.ec\/wp-content\/uploads\/2014\/08\/marcados-300x179.jpg\" alt=\"marcados\" width=\"300\" height=\"179\" srcset=\"https:\/\/www.ecuadoraldia.com.ec\/wp-content\/uploads\/2014\/08\/marcados-300x179.jpg 300w, https:\/\/www.ecuadoraldia.com.ec\/wp-content\/uploads\/2014\/08\/marcados.jpg 520w\" sizes=\"(max-width: 300px) 100vw, 300px\" \/><\/a>En los 54 mercados de la capital se conectar\u00e1n c\u00e1maras de seguridad para detectar la venta de droga, asaltos, robos y otros delitos.<\/p>\n<p>Los primeros mercados en los que se instalar\u00e1n estos dispositivos son: Chiriyacu, San Roque y Las Cuadras. En cada uno de ellos se colocar\u00e1n 12 equipos que tendr\u00e1n una conexi\u00f3n directa con la central del ECU-911.<\/p>\n<p>La Agencia de Coordinaci\u00f3n Distrital del Comercio (ACDC) empezar\u00e1 la pr\u00f3xima semana con la instalaci\u00f3n de las c\u00e1maras en estos centros de abastos.<\/p>\n<p>El objetivo es dar una respuesta temprana a los problemas que se generan en estos sitios de comercializaci\u00f3n, explic\u00f3 Ramiro P\u00e9rez, director de Log\u00edstica y Operaciones de la ACDC.<\/p>\n<p>Despu\u00e9s del de Chiriyacu se intervendr\u00e1 ser\u00e1 el mercado de Las Cuadras y luego el de San Roque, donde la Polic\u00eda Nacional realiz\u00f3 un operativo y sorprendi\u00f3 a presuntos cachineros. En ese sitio se\u00a1 decomisaron art\u00edculos cuya procedencia no pudo ser justificada.<\/p>\n<p>Droga en Chiriyacu<\/p>\n<p>El principal problema que actualmente enfrenta el mercado de Chiriyacu es la venta de droga. Seg\u00fan las autoridades, a este sitio llegan adultos, j\u00f3venes e incluso menores que buscan a los \u2018brujos\u2019 en dicha zona.<\/p>\n<p>Los comerciantes reconocieron que el control militar que se realiz\u00f3 en el sitio no fue efectivo y que tambi\u00e9n fall\u00f3 un plan para que la Polic\u00eda mantenga un mayor control dentro del mercado.<\/p>\n<p>Lo que han podido detectar es que los expendedores tienen gente del mismo centro de abastos que les advierten cuando se realizan operativos. Esto lo hacen con silbidos y se\u00f1as.<\/p>\n<p>Ayer se realiz\u00f3 una inspecci\u00f3n de los puntos cr\u00edticos que hay en Chiriyacu, que est\u00e1n plenamente identificados por los mismos comerciantes, quienes explican que la venta de droga no es el \u00fanico problema que enfrentan.<\/p>\n<p>Tambi\u00e9n se registran casos de robo y hasta de asesinatos. Hace unas semanas se record\u00f3 la forma como uno de los antisociales sac\u00f3 un arma y dispar\u00f3 contra otro a quemarropa. En este sitio tambi\u00e9n se venden art\u00edculos sin factura. (PSD)<\/p>\n<p>1.500 comerciantes laboran en el Mercado Chiriyacu, se agrupan en 11 asociaciones.<\/p>\n","protected":false},"excerpt":{"rendered":"<p>En los 54 mercados de la capital se conectar\u00e1n c\u00e1maras de seguridad para detectar la venta de droga, asaltos, robos<\/p>\n","protected":false},"author":1,"featured_media":0,"comment_status":"open","ping_status":"open","sticky":false,"template":"","format":"standard","meta":{"footnotes":""},"categories":[14],"tags":[],"_links":{"self":[{"href":"https:\/\/www.ecuadoraldia.com.ec\/index.php?rest_route=\/wp\/v2\/posts\/4305"}],"collection":[{"href":"https:\/\/www.ecuadoraldia.com.ec\/index.php?rest_route=\/wp\/v2\/posts"}],"about":[{"href":"https:\/\/www.ecuadoraldia.com.ec\/index.php?rest_route=\/wp\/v2\/types\/post"}],"author":[{"embeddable":true,"href":"https:\/\/www.ecuadoraldia.com.ec\/index.php?rest_route=\/wp\/v2\/users\/1"}],"replies":[{"embeddable":true,"href":"https:\/\/www.ecuadoraldia.com.ec\/index.php?rest_route=%2Fwp%2Fv2%2Fcomments&post=4305"}],"version-history":[{"count":1,"href":"https:\/\/www.ecuadoraldia.com.ec\/index.php?rest_route=\/wp\/v2\/posts\/4305\/revisions"}],"predecessor-version":[{"id":4307,"href":"https:\/\/www.ecuadoraldia.com.ec\/index.php?rest_route=\/wp\/v2\/posts\/4305\/revisions\/4307"}],"wp:attachment":[{"href":"https:\/\/www.ecuadoraldia.com.ec\/index.php?rest_route=%2Fwp%2Fv2%2Fmedia&parent=4305"}],"wp:term":[{"taxonomy":"category","embeddable":true,"href":"https:\/\/www.ecuadoraldia.com.ec\/index.php?rest_route=%2Fwp%2Fv2%2Fcategories&post=4305"},{"taxonomy":"post_tag","embeddable":true,"href":"https:\/\/www.ecuadoraldia.com.ec\/index.php?rest_route=%2Fwp%2Fv2%2Ftags&post=4305"}],"curies":[{"name":"wp","href":"https:\/\/api.w.org\/{rel}","templated":true}]}}