{"id":4309,"date":"2014-08-15T12:57:35","date_gmt":"2014-08-15T12:57:35","guid":{"rendered":"http:\/\/www.ecuadoraldia.com.ec\/?p=4309"},"modified":"2014-08-15T12:57:35","modified_gmt":"2014-08-15T12:57:35","slug":"informe-de-la-fef-no-detalla-tiempo-de-estadia","status":"publish","type":"post","link":"https:\/\/www.ecuadoraldia.com.ec\/?p=4309","title":{"rendered":"Informe de la FEF no detalla tiempo de estad\u00eda"},"content":{"rendered":"<p><a href=\"http:\/\/www.ecuadoraldia.com.ec\/wp-content\/uploads\/2014\/08\/CHIRIBOGA-ASAMBLEA_.jpg\"><img loading=\"lazy\" decoding=\"async\" class=\"alignleft size-medium wp-image-4310\" src=\"http:\/\/www.ecuadoraldia.com.ec\/wp-content\/uploads\/2014\/08\/CHIRIBOGA-ASAMBLEA_-300x199.jpg\" alt=\"CHIRIBOGA ASAMBLEA_\" width=\"300\" height=\"199\" srcset=\"https:\/\/www.ecuadoraldia.com.ec\/wp-content\/uploads\/2014\/08\/CHIRIBOGA-ASAMBLEA_-300x199.jpg 300w, https:\/\/www.ecuadoraldia.com.ec\/wp-content\/uploads\/2014\/08\/CHIRIBOGA-ASAMBLEA_.jpg 450w\" sizes=\"(max-width: 300px) 100vw, 300px\" \/><\/a>El informe de gastos durante el Mundial Brasil 2014 presentado por la Federaci\u00f3n Ecuatoriana de F\u00fatbol (FEF), en respuesta al pedido de Liga de Quito, dej\u00f3 m\u00e1s dudas que certezas. El documento se divide en 6 secciones de acuerdo al cargo que ocupan las personas que conformaron la delegaci\u00f3n: funcionarios de la Ecuaf\u00fatbol, miembros del cuerpo t\u00e9cnico, futbolistas, representantes de clubes y asociaciones, periodistas, auspiciantes, etc.<\/p>\n<p>De acuerdo a su funci\u00f3n recibieron los vi\u00e1ticos m\u00e1s de 100 personas. A los 24 jugadores, el DT y 3 directores de la FEF se les entreg\u00f3 $ 400 diarios. La Tricolor viaj\u00f3 el 9 de junio y retorn\u00f3 al pa\u00eds el 27 del mismo mes. En 19 d\u00edas los futbolistas contaron con $ 7.600.<\/p>\n<p>En el desglose de vi\u00e1ticos se indica que los dirigentes, funcionarios y personal de apoyo de la FEF recibieron $ 200 diariamente, pero no se explica si en esa categor\u00eda se encuentra el vicepresidente del organismo, Carlos Villac\u00eds. De estarlo, ser\u00edan 33 personas en este grupo. Tampoco queda claro cu\u00e1ntos d\u00edas estuvieron estas personas en Brasil.<\/p>\n<p>Hay 47 dirigentes de clubes y asociaciones en la lista de viajeros, 41 en el anexo D y 6 dentro del anexo B, donde tambi\u00e9n se encuentran miembros de la FEF y un auspiciante. En este grupo est\u00e1 el presidente de Emelec, Nassib Neme, de quien la FEF se\u00f1ala que viaj\u00f3 tras el partido inaugural el 15 de junio. Pero el titular \u2018azul\u2019 aclar\u00f3 este tema en un comunicado. \u201cLos pasajes con los que viaj\u00e9 a Brasil y retorn\u00e9 al Ecuador, los cancel\u00e9 con mi dinero personal. As\u00ed como mi alimentaci\u00f3n (&#8230;) La Federaci\u00f3n se hizo cargo del alojamiento y movilizaci\u00f3n interna\u201d.<\/p>\n<p>\u2018Jeff\u2019 revela problemas en la \u2018Tri\u2019<\/p>\n<p>\u201cTodos los que estuvimos ah\u00ed (en Brasil 2014) lo sabemos (&#8230;) si Ecuador no lleg\u00f3 a otra etapa fue por algo, porque f\u00fatbol s\u00ed ten\u00edamos; en el Mundial sucedieron cosas que no ten\u00edan que pasar y llegar\u00e1 el momento para decirlas\u201d, dijo el volante de la selecci\u00f3n, Jefferson Montero, en di\u00e1logo con la cadena televisiva Fox Sports.<\/p>\n<p>El jugador del Swansea gal\u00e9s indic\u00f3 que hubo situaciones que los aficionados no conocen \u201cy la verdad decepcionan\u201d. Y espera que con el nuevo cuerpo t\u00e9cnico el pr\u00f3ximo a\u00f1o cambie, para que su desempe\u00f1o sea \u00f3ptimo.<\/p>\n","protected":false},"excerpt":{"rendered":"<p>El informe de gastos durante el Mundial Brasil 2014 presentado por la Federaci\u00f3n Ecuatoriana de F\u00fatbol (FEF), en respuesta al<\/p>\n","protected":false},"author":1,"featured_media":0,"comment_status":"open","ping_status":"open","sticky":false,"template":"","format":"standard","meta":{"footnotes":""},"categories":[3],"tags":[],"_links":{"self":[{"href":"https:\/\/www.ecuadoraldia.com.ec\/index.php?rest_route=\/wp\/v2\/posts\/4309"}],"collection":[{"href":"https:\/\/www.ecuadoraldia.com.ec\/index.php?rest_route=\/wp\/v2\/posts"}],"about":[{"href":"https:\/\/www.ecuadoraldia.com.ec\/index.php?rest_route=\/wp\/v2\/types\/post"}],"author":[{"embeddable":true,"href":"https:\/\/www.ecuadoraldia.com.ec\/index.php?rest_route=\/wp\/v2\/users\/1"}],"replies":[{"embeddable":true,"href":"https:\/\/www.ecuadoraldia.com.ec\/index.php?rest_route=%2Fwp%2Fv2%2Fcomments&post=4309"}],"version-history":[{"count":1,"href":"https:\/\/www.ecuadoraldia.com.ec\/index.php?rest_route=\/wp\/v2\/posts\/4309\/revisions"}],"predecessor-version":[{"id":4311,"href":"https:\/\/www.ecuadoraldia.com.ec\/index.php?rest_route=\/wp\/v2\/posts\/4309\/revisions\/4311"}],"wp:attachment":[{"href":"https:\/\/www.ecuadoraldia.com.ec\/index.php?rest_route=%2Fwp%2Fv2%2Fmedia&parent=4309"}],"wp:term":[{"taxonomy":"category","embeddable":true,"href":"https:\/\/www.ecuadoraldia.com.ec\/index.php?rest_route=%2Fwp%2Fv2%2Fcategories&post=4309"},{"taxonomy":"post_tag","embeddable":true,"href":"https:\/\/www.ecuadoraldia.com.ec\/index.php?rest_route=%2Fwp%2Fv2%2Ftags&post=4309"}],"curies":[{"name":"wp","href":"https:\/\/api.w.org\/{rel}","templated":true}]}}