{"id":4312,"date":"2014-08-15T12:59:52","date_gmt":"2014-08-15T12:59:52","guid":{"rendered":"http:\/\/www.ecuadoraldia.com.ec\/?p=4312"},"modified":"2014-08-15T12:59:52","modified_gmt":"2014-08-15T12:59:52","slug":"policias-guias-penitenciarios-y-reos-formaban-organizacion-delictiva","status":"publish","type":"post","link":"https:\/\/www.ecuadoraldia.com.ec\/?p=4312","title":{"rendered":"Polic\u00edas, gu\u00edas penitenciarios y reos formaban organizaci\u00f3n delictiva"},"content":{"rendered":"<p><a href=\"http:\/\/www.ecuadoraldia.com.ec\/wp-content\/uploads\/2014\/08\/banda.jpg\"><img loading=\"lazy\" decoding=\"async\" class=\"alignleft size-medium wp-image-4313\" src=\"http:\/\/www.ecuadoraldia.com.ec\/wp-content\/uploads\/2014\/08\/banda-300x198.jpg\" alt=\"banda\" width=\"300\" height=\"198\" srcset=\"https:\/\/www.ecuadoraldia.com.ec\/wp-content\/uploads\/2014\/08\/banda-300x198.jpg 300w, https:\/\/www.ecuadoraldia.com.ec\/wp-content\/uploads\/2014\/08\/banda.jpg 450w\" sizes=\"(max-width: 300px) 100vw, 300px\" \/><\/a>Dos personas detenidas en los centros de rehabilitaci\u00f3n social de Guayaquil, 2 polic\u00edas (uno en servicio activo y otro en pasivo) y 2 agentes de tratamiento penitenciario (ATP) supuestamente integraban una agrupaci\u00f3n delictiva que fue desarticulada la madrugada de ayer.<\/p>\n<p>Jos\u00e9 Serrano Salgado, ministro del Interior, confirm\u00f3 esta informaci\u00f3n y agreg\u00f3 que una de las personas privadas de la libertad (PPL) era quien lideraba la banda implicada en extorsiones, sicariatos, robos, entre otras infracciones que ser\u00e1n investigadas en el proceso.<\/p>\n<p>El operativo \u2018Vencedores\u2019 fue ejecutado simult\u00e1neamente en las ciudades de Guayaquil, Dur\u00e1n (Guayas); Portoviejo, Manta y Tosagua (Manab\u00ed) y La Libertad (Santa Elena) por 14 agentes de la Fiscal\u00eda y 136 uniformados de la Unidad de Inteligencia Antidelincuencial (UIAD), Criminal\u00edstica, Polic\u00eda Nacional, entre otros. Fueron capturadas 13 personas, en total (2 reos), en 16 inmuebles requisados.<\/p>\n<p>En los allanamientos, los agentes policiales incautaron 7 veh\u00edculos, una motocicleta, 3 armas de fuego, 150 municiones, documentos financieros, entre otros objetos.<\/p>\n<p>Adem\u00e1s, el operativo lleg\u00f3 a 2 de las c\u00e1rceles de la urbe porte\u00f1a: el Centro de Rehabilitaci\u00f3n de Varones de Guayaquil, conocido como la Penitenciar\u00eda del Litoral y el Centro Regional del Guayas, prisi\u00f3n inaugurada en diciembre pasado. En cada recinto los agentes detuvieron a un interno.<\/p>\n<p>Ledy Z\u00fa\u00f1iga, ministra de Justicia, indic\u00f3 que \u201cten\u00edamos informaci\u00f3n de que un funcionario de seguridad penitenciaria estaba apoyando a un privado de libertad de la C\u00e1rcel Regional para el cometimiento de delitos. El gu\u00eda permit\u00eda el contacto de este interno con otro aislado en la Penitenciar\u00eda del Litoral\u201d.<\/p>\n<p>La Secretaria de Estado indic\u00f3 que el gu\u00eda penitenciario designado al \u00e1rea de mediana seguridad ayudaba a que el reo sea cambiado de pabellones o le daba prebendas, le facilitaba la vida. \u201cPor ejemplo, lo ayudaba a recibir datos, documentos o tel\u00e9fonos, pero gracias al sistema de seguridad de videovigilancia se pudo observar las situaciones irregulares\u201d.<\/p>\n<p>El polic\u00eda en servicio activo, aparentemente, avisaba a los integrantes de la agrupaci\u00f3n cuando las unidades policiales ejecutaban operativos en ciertos sectores de la ciudad.<\/p>\n<p>Z\u00fa\u00f1iga inform\u00f3 que los internos implicados en el delito ser\u00e1n ubicados en las edificaciones de m\u00e1xima seguridad y que no todos los capturados estar\u00e1n juntos, sino que se analizar\u00e1 la posibilidad de que sean recluidos en diferentes centros penitenciarios.<\/p>\n<p>El coronel Javier Galarza, jefe de la Unidad de Inteligencia Antidelincuencial (UIAD), inform\u00f3 que en Manab\u00ed fueron detenidas 2 personas, entre ellas un polic\u00eda en servicio pasivo, separado de la instituci\u00f3n hace 2 a\u00f1os por ausencia ilegal.<\/p>\n<p>Adem\u00e1s, indic\u00f3 que una de las formas de operar de la banda era robar veh\u00edculos y llamar a los due\u00f1os a exigirles dinero por la devoluci\u00f3n. Tambi\u00e9n manifest\u00f3 que se investiga la relaci\u00f3n de las armas y veh\u00edculos en casos de sicariato; se presume que los individuos estuvieron implicados en un asesinato ocurrido en un taller mec\u00e1nico, en 2010, en el centro de Guayaquil.<\/p>\n<p>La ministra Z\u00fa\u00f1iga inform\u00f3 que el pasado mi\u00e9rcoles fue detenido un polic\u00eda que pretend\u00eda ingresar 2 cuchillas de afeitar, escondidas en el cinto de su pistola, al pabell\u00f3n de M\u00e1xima Seguridad Especial de la C\u00e1rcel Regional.<\/p>\n<p>\u201cVamos a seguir con los controles en las c\u00e1rceles. No vamos a permitir que funcionarios corruptos del cuerpo de seguridad de vigilancia: gu\u00edas o polic\u00edas pretendan manejar mafias dentro de las c\u00e1rceles\u201d.<br \/>\nEtiquetas: gu\u00edas penintenciarios, Polic\u00edas<\/p>\n","protected":false},"excerpt":{"rendered":"<p>Dos personas detenidas en los centros de rehabilitaci\u00f3n social de Guayaquil, 2 polic\u00edas (uno en servicio activo y otro en<\/p>\n","protected":false},"author":1,"featured_media":0,"comment_status":"open","ping_status":"open","sticky":false,"template":"","format":"standard","meta":{"footnotes":""},"categories":[5],"tags":[],"_links":{"self":[{"href":"https:\/\/www.ecuadoraldia.com.ec\/index.php?rest_route=\/wp\/v2\/posts\/4312"}],"collection":[{"href":"https:\/\/www.ecuadoraldia.com.ec\/index.php?rest_route=\/wp\/v2\/posts"}],"about":[{"href":"https:\/\/www.ecuadoraldia.com.ec\/index.php?rest_route=\/wp\/v2\/types\/post"}],"author":[{"embeddable":true,"href":"https:\/\/www.ecuadoraldia.com.ec\/index.php?rest_route=\/wp\/v2\/users\/1"}],"replies":[{"embeddable":true,"href":"https:\/\/www.ecuadoraldia.com.ec\/index.php?rest_route=%2Fwp%2Fv2%2Fcomments&post=4312"}],"version-history":[{"count":1,"href":"https:\/\/www.ecuadoraldia.com.ec\/index.php?rest_route=\/wp\/v2\/posts\/4312\/revisions"}],"predecessor-version":[{"id":4314,"href":"https:\/\/www.ecuadoraldia.com.ec\/index.php?rest_route=\/wp\/v2\/posts\/4312\/revisions\/4314"}],"wp:attachment":[{"href":"https:\/\/www.ecuadoraldia.com.ec\/index.php?rest_route=%2Fwp%2Fv2%2Fmedia&parent=4312"}],"wp:term":[{"taxonomy":"category","embeddable":true,"href":"https:\/\/www.ecuadoraldia.com.ec\/index.php?rest_route=%2Fwp%2Fv2%2Fcategories&post=4312"},{"taxonomy":"post_tag","embeddable":true,"href":"https:\/\/www.ecuadoraldia.com.ec\/index.php?rest_route=%2Fwp%2Fv2%2Ftags&post=4312"}],"curies":[{"name":"wp","href":"https:\/\/api.w.org\/{rel}","templated":true}]}}