{"id":4318,"date":"2014-08-15T13:12:33","date_gmt":"2014-08-15T13:12:33","guid":{"rendered":"http:\/\/www.ecuadoraldia.com.ec\/?p=4318"},"modified":"2014-08-15T13:12:33","modified_gmt":"2014-08-15T13:12:33","slug":"gaza-vuelve-a-relativa-calma-con-nueva-tregua-pese-a-dificil-comienzo","status":"publish","type":"post","link":"https:\/\/www.ecuadoraldia.com.ec\/?p=4318","title":{"rendered":"Gaza vuelve a relativa calma con nueva tregua pese a dif\u00edcil comienzo"},"content":{"rendered":"<p><a href=\"http:\/\/www.ecuadoraldia.com.ec\/wp-content\/uploads\/2014\/08\/gaza-israel-.jpg\"><img loading=\"lazy\" decoding=\"async\" class=\"alignleft size-medium wp-image-4319\" src=\"http:\/\/www.ecuadoraldia.com.ec\/wp-content\/uploads\/2014\/08\/gaza-israel--300x168.jpg\" alt=\"-gaza-israel-\" width=\"300\" height=\"168\" srcset=\"https:\/\/www.ecuadoraldia.com.ec\/wp-content\/uploads\/2014\/08\/gaza-israel--300x168.jpg 300w, https:\/\/www.ecuadoraldia.com.ec\/wp-content\/uploads\/2014\/08\/gaza-israel-.jpg 624w\" sizes=\"(max-width: 300px) 100vw, 300px\" \/><\/a>El Ej\u00e9rcito israel\u00ed dijo que militantes de Gaza violaron la tregua y lanzaron ocho cohetes hacia Israel y que, en respuesta, aviones bombardearon m\u00faltiples \u00ablanzadoras de cohetes y sitios terroristas\u00bb en el enclave.<\/p>\n<p>Un funcionario de Hamas, Izzat Reshiq, neg\u00f3 que los palestinos hayan incumplido el acuerdo y denunci\u00f3 los ataques a\u00e9reos israel\u00edes como una \u00abviolaci\u00f3n de la calma\u00bb.<\/p>\n<p>No se reportaron v\u00edctimas en ninguno de los incidentes y las hostilidades terminaron hacia el amanecer del jueves.<\/p>\n<p>Una tregua en m\u00e1s de un mes de combates, en los que 1.945 palestinos y 67 israel\u00edes murieron, venc\u00eda el mi\u00e9rcoles a la medianoche. Se trata del peor brote de violencia desde que ambas partes combatieron una guerra de tres semanas en 2008-2009.<\/p>\n<p>A \u00faltimo minuto, los palestinos anunciaron en El Cairo que la tregua se hab\u00eda extendido por otros cinco d\u00edas para que las partes trabajaran en un cese al fuego de largo plazo, mediado por Egipto.<\/p>\n<p>\u00abIsrael ha aceptado la extensi\u00f3n del cese al fuego\u00bb, dijo un funcionario israel\u00ed, bajo condici\u00f3n de anonimato.<\/p>\n<p>Cerrar las brechas entre Israel y los palestinos para lograr un cese al fuego permanente ha demostrado ser dif\u00edcil.<\/p>\n<p>Hamas y sus aliados quieren que se termine el bloqueo israel\u00ed y egipcio de Gaza.<\/p>\n<p>Pero Israel y Egipto tienen serias preocupaciones de seguridad sobre Hamas, el grupo isl\u00e1mico dominante en el peque\u00f1o enclave costero del Mediterr\u00e1neo, complicando cualquier acuerdo para aliviar las restricciones fronterizas.<\/p>\n<p>El l\u00edder de Hamas, Ismail Haniyeh, dijo el mi\u00e9rcoles al canal de televisi\u00f3n propio Al-Aqsa que el grupo insistir\u00e1 en \u00ablevantar el bloqueo de Gaza\u00bb y en reducir las restricciones al movimiento sobre los 1,8 habitantes del territorio como prerrequisito para una \u00abcalma permanente\u00bb.<\/p>\n<p>Miembros de la delegaci\u00f3n palestina dijeron que regresar\u00e1n el s\u00e1bado por la noche a El Cairo para mantener m\u00e1s conversaciones el domingo. (Reuters)<\/p>\n","protected":false},"excerpt":{"rendered":"<p>El Ej\u00e9rcito israel\u00ed dijo que militantes de Gaza violaron la tregua y lanzaron ocho cohetes hacia Israel y que, en<\/p>\n","protected":false},"author":1,"featured_media":0,"comment_status":"open","ping_status":"open","sticky":false,"template":"","format":"standard","meta":{"footnotes":""},"categories":[7],"tags":[],"_links":{"self":[{"href":"https:\/\/www.ecuadoraldia.com.ec\/index.php?rest_route=\/wp\/v2\/posts\/4318"}],"collection":[{"href":"https:\/\/www.ecuadoraldia.com.ec\/index.php?rest_route=\/wp\/v2\/posts"}],"about":[{"href":"https:\/\/www.ecuadoraldia.com.ec\/index.php?rest_route=\/wp\/v2\/types\/post"}],"author":[{"embeddable":true,"href":"https:\/\/www.ecuadoraldia.com.ec\/index.php?rest_route=\/wp\/v2\/users\/1"}],"replies":[{"embeddable":true,"href":"https:\/\/www.ecuadoraldia.com.ec\/index.php?rest_route=%2Fwp%2Fv2%2Fcomments&post=4318"}],"version-history":[{"count":1,"href":"https:\/\/www.ecuadoraldia.com.ec\/index.php?rest_route=\/wp\/v2\/posts\/4318\/revisions"}],"predecessor-version":[{"id":4320,"href":"https:\/\/www.ecuadoraldia.com.ec\/index.php?rest_route=\/wp\/v2\/posts\/4318\/revisions\/4320"}],"wp:attachment":[{"href":"https:\/\/www.ecuadoraldia.com.ec\/index.php?rest_route=%2Fwp%2Fv2%2Fmedia&parent=4318"}],"wp:term":[{"taxonomy":"category","embeddable":true,"href":"https:\/\/www.ecuadoraldia.com.ec\/index.php?rest_route=%2Fwp%2Fv2%2Fcategories&post=4318"},{"taxonomy":"post_tag","embeddable":true,"href":"https:\/\/www.ecuadoraldia.com.ec\/index.php?rest_route=%2Fwp%2Fv2%2Ftags&post=4318"}],"curies":[{"name":"wp","href":"https:\/\/api.w.org\/{rel}","templated":true}]}}