{"id":4321,"date":"2014-08-15T13:18:18","date_gmt":"2014-08-15T13:18:18","guid":{"rendered":"http:\/\/www.ecuadoraldia.com.ec\/?p=4321"},"modified":"2014-08-15T13:18:18","modified_gmt":"2014-08-15T13:18:18","slug":"cocinas-en-percha-la-proxima-semana","status":"publish","type":"post","link":"https:\/\/www.ecuadoraldia.com.ec\/?p=4321","title":{"rendered":"Cocinas en percha la pr\u00f3xima semana"},"content":{"rendered":"<p><a href=\"http:\/\/www.ecuadoraldia.com.ec\/wp-content\/uploads\/2014\/08\/cocina_0.jpg\"><img loading=\"lazy\" decoding=\"async\" class=\"alignleft size-medium wp-image-4322\" src=\"http:\/\/www.ecuadoraldia.com.ec\/wp-content\/uploads\/2014\/08\/cocina_0-300x200.jpg\" alt=\"cocina_0\" width=\"300\" height=\"200\" srcset=\"https:\/\/www.ecuadoraldia.com.ec\/wp-content\/uploads\/2014\/08\/cocina_0-300x200.jpg 300w, https:\/\/www.ecuadoraldia.com.ec\/wp-content\/uploads\/2014\/08\/cocina_0.jpg 495w\" sizes=\"(max-width: 300px) 100vw, 300px\" \/><\/a>Algunos modelos de cocinas de inducci\u00f3n del plan estatal Cocci\u00f3n Eficiente estar\u00e1n en los almacenes de electrodom\u00e9sticos desde la pr\u00f3xima semana, inform\u00f3 ayer Vladimir Gonz\u00e1lez, gerente del proyecto gubernamental que busca reemplazar 3 millones de cocinas de gas hasta el 2016 y eliminar gradualmente el subsidio de este recurso.<\/p>\n<p>\u201cPara la pr\u00f3xima semana ya estar\u00e1n disponibles en las perchas\u201d, manifest\u00f3 el funcionario, quien, sin embargo, aclar\u00f3 que no todas las empresas lanzar\u00e1n sus modelos al mercado en los pr\u00f3ximos d\u00edas.<\/p>\n<p>\u201cLo que nos ha dicho el Mipro (Ministerio de Industrias y Productividad) es que las empresas calificadas van a entrar en producci\u00f3n en momentos diferentes(&#8230;), unas est\u00e1n adelantadas, otras menos, otras reci\u00e9n est\u00e1n armando sus cadenas de montajes\u201d, se\u00f1al\u00f3 Gonz\u00e1lez, quien puntualiz\u00f3 que antes de buscar las estufas en las cadenas de almacenes los usuarios deben inscribirse en el programa.<\/p>\n<p>Este proceso se iniciar\u00e1 el lunes pr\u00f3ximo a trav\u00e9s del n\u00famero telef\u00f3nico 1800 262-462 (cocina) y de los links que han habilitado la Empresa El\u00e9ctrica Quito y la El\u00e9ctrica de Guayaquil, por medio de las p\u00e1ginas www.electricaguayaquil.gob.ec, www.eeq.com.ec y del sitio www.ecuadorcambia.com.<\/p>\n<p>Mientras, una de las empresas que ha anunciado la distribuci\u00f3n de sus cocinas para los pr\u00f3ximos d\u00edas es Indurama.<\/p>\n<p>La compa\u00f1\u00eda present\u00f3 el mi\u00e9rcoles pasado, en Guayaquil, diez modelos de estufas de inducci\u00f3n, de los cuales tres est\u00e1n calificados dentro del programa estatal, dos encimeras (placas) y una cocina de piso (con horno el\u00e9ctrico).<\/p>\n<p>Otras empresas tambi\u00e9n preparar\u00e1n modelos fuera del plan estatal, como Kangle, que prev\u00e9 lanzar en noviembre pr\u00f3ximo una cocina de inducci\u00f3n con horno de gas a un precio promedio de $ 650, seg\u00fan su gerente, Chaffick Chedraui.<\/p>\n<p>Mabe, en cambio, dispone para lanzar en los pr\u00f3ximos meses dos modelos de cocinas de inducci\u00f3n con horno el\u00e9ctrico, de 60 y 76 cent\u00edmetros, seg\u00fan Roberto Guerrero, gerente de Mercadeo y Planeaci\u00f3n de Proyectos de la empresa.<\/p>\n<p>12 empresas fueron calificadas por el Ministerio de Industrias y Productividad (Mipro) para fabricar las cocinas.<\/p>\n","protected":false},"excerpt":{"rendered":"<p>Algunos modelos de cocinas de inducci\u00f3n del plan estatal Cocci\u00f3n Eficiente estar\u00e1n en los almacenes de electrodom\u00e9sticos desde la pr\u00f3xima<\/p>\n","protected":false},"author":1,"featured_media":0,"comment_status":"open","ping_status":"open","sticky":false,"template":"","format":"standard","meta":{"footnotes":""},"categories":[1],"tags":[],"_links":{"self":[{"href":"https:\/\/www.ecuadoraldia.com.ec\/index.php?rest_route=\/wp\/v2\/posts\/4321"}],"collection":[{"href":"https:\/\/www.ecuadoraldia.com.ec\/index.php?rest_route=\/wp\/v2\/posts"}],"about":[{"href":"https:\/\/www.ecuadoraldia.com.ec\/index.php?rest_route=\/wp\/v2\/types\/post"}],"author":[{"embeddable":true,"href":"https:\/\/www.ecuadoraldia.com.ec\/index.php?rest_route=\/wp\/v2\/users\/1"}],"replies":[{"embeddable":true,"href":"https:\/\/www.ecuadoraldia.com.ec\/index.php?rest_route=%2Fwp%2Fv2%2Fcomments&post=4321"}],"version-history":[{"count":1,"href":"https:\/\/www.ecuadoraldia.com.ec\/index.php?rest_route=\/wp\/v2\/posts\/4321\/revisions"}],"predecessor-version":[{"id":4323,"href":"https:\/\/www.ecuadoraldia.com.ec\/index.php?rest_route=\/wp\/v2\/posts\/4321\/revisions\/4323"}],"wp:attachment":[{"href":"https:\/\/www.ecuadoraldia.com.ec\/index.php?rest_route=%2Fwp%2Fv2%2Fmedia&parent=4321"}],"wp:term":[{"taxonomy":"category","embeddable":true,"href":"https:\/\/www.ecuadoraldia.com.ec\/index.php?rest_route=%2Fwp%2Fv2%2Fcategories&post=4321"},{"taxonomy":"post_tag","embeddable":true,"href":"https:\/\/www.ecuadoraldia.com.ec\/index.php?rest_route=%2Fwp%2Fv2%2Ftags&post=4321"}],"curies":[{"name":"wp","href":"https:\/\/api.w.org\/{rel}","templated":true}]}}