{"id":4324,"date":"2014-08-15T13:21:46","date_gmt":"2014-08-15T13:21:46","guid":{"rendered":"http:\/\/www.ecuadoraldia.com.ec\/?p=4324"},"modified":"2014-08-15T13:21:46","modified_gmt":"2014-08-15T13:21:46","slug":"rafael-correa-ratifica-que-dolarizacion-se-mantiene-en-ecuador","status":"publish","type":"post","link":"https:\/\/www.ecuadoraldia.com.ec\/?p=4324","title":{"rendered":"Rafael Correa ratifica que dolarizaci\u00f3n \u00abse mantiene\u00bb en Ecuador"},"content":{"rendered":"<p><a href=\"http:\/\/www.ecuadoraldia.com.ec\/wp-content\/uploads\/2014\/08\/rcl.jpg\"><img loading=\"lazy\" decoding=\"async\" class=\"alignleft size-medium wp-image-4325\" src=\"http:\/\/www.ecuadoraldia.com.ec\/wp-content\/uploads\/2014\/08\/rcl-300x200.jpg\" alt=\"rcl\" width=\"300\" height=\"200\" srcset=\"https:\/\/www.ecuadoraldia.com.ec\/wp-content\/uploads\/2014\/08\/rcl-300x200.jpg 300w, https:\/\/www.ecuadoraldia.com.ec\/wp-content\/uploads\/2014\/08\/rcl.jpg 468w\" sizes=\"(max-width: 300px) 100vw, 300px\" \/><\/a>El presidente de Ecuador, Rafael Correa, ratific\u00f3 la noche del mi\u00e9rcoles que la dolarizaci\u00f3n, adoptada por su pa\u00eds en 2000, \u00abse mantiene\u00bb y sali\u00f3 al paso de versiones de ciertos analistas que han advertido de una supuesta salida de ese sistema por la entrada en vigor de un nuevo C\u00f3digo Monetario.<\/p>\n<p>Ese instrumento legal \u00ab\u00bfen qu\u00e9 pone en peligro la dolarizaci\u00f3n?\u00bb, se pregunt\u00f3 Correa durante una entrevista por televisi\u00f3n en la que ratific\u00f3 que, pese a no ser partidario de ese r\u00e9gimen monetario, ser\u00eda un peligro para el pa\u00eds salirse del esquema.<\/p>\n<p>\u00abLos costos de salir de la dolarizaci\u00f3n ser\u00edan catastr\u00f3ficos\u00bb, agreg\u00f3 el mandatario que ha criticado dicho r\u00e9gimen atado al d\u00f3lar, porque, seg\u00fan su opini\u00f3n, dej\u00f3 al pa\u00eds sin la posibilidad de ejercer una pol\u00edtica monetaria propia.<\/p>\n<p>\u00abJam\u00e1s hubiese entrado a un r\u00e9gimen dolarizado\u00bb por los problemas que sistemas r\u00edgidos pueden ocasionar, a\u00f1adi\u00f3 Correa que observ\u00f3 ese tipo de dificultades en algunas situaciones de \u00edndole monetaria surgidas en la Uni\u00f3n Europea.<\/p>\n<p>Los europeos tienen una sola moneda com\u00fan, en cambio \u00abnosotros tenemos una moneda extranjera\u00bb, record\u00f3 el gobernante.<\/p>\n<p>Balanza comercial<\/p>\n<p>Por otra parte, Correa inform\u00f3 que en el campo comercial su pa\u00eds ha experimentado un super\u00e1vit en el primer semestre del a\u00f1o, aunque observ\u00f3 que en la segunda mitad de 2014 la situaci\u00f3n podr\u00eda variar.<\/p>\n<p>\u00abEn los primeros meses de este a\u00f1o tenemos un super\u00e1vit de 700 millones\u00bb, lo que contrasta con las cifras del a\u00f1o pasado cuando se registr\u00f3 un d\u00e9ficit en la balanza comercial, mencion\u00f3.<\/p>\n<p>El buen desempe\u00f1o comercial, dijo, se debe a las buenas ventas al exterior de ciertos productos y a la aplicaci\u00f3n de medidas rigurosas en torno a las importaciones.<\/p>\n<p>\u00abHemos empezado por fin a crear normas t\u00e9cnicas\u00bb a las importaciones para proteger a los consumidores, a\u00f1adi\u00f3.<\/p>\n<p>Tambi\u00e9n destac\u00f3 el aumento en el volumen de venta de petr\u00f3leo, el principal producto de exportaci\u00f3n del pa\u00eds, as\u00ed como de otros bienes como el camar\u00f3n que, seg\u00fan dijo, \u00abha tenido un a\u00f1o extraordinario\u00bb.<\/p>\n<p>El repunte comercial del primer semestre del a\u00f1o no ser\u00e1 el mismo en la segunda mitad, porque el pa\u00eds se ver\u00e1 abocado a hacer fuertes gastos en la importaci\u00f3n de carburantes ante una parada de la principal refiner\u00eda del pa\u00eds, que entrar\u00e1 en un proceso de repotenciaci\u00f3n, a\u00f1adi\u00f3 Correa.<\/p>\n","protected":false},"excerpt":{"rendered":"<p>El presidente de Ecuador, Rafael Correa, ratific\u00f3 la noche del mi\u00e9rcoles que la dolarizaci\u00f3n, adoptada por su pa\u00eds en 2000,<\/p>\n","protected":false},"author":1,"featured_media":0,"comment_status":"open","ping_status":"open","sticky":false,"template":"","format":"standard","meta":{"footnotes":""},"categories":[1],"tags":[],"_links":{"self":[{"href":"https:\/\/www.ecuadoraldia.com.ec\/index.php?rest_route=\/wp\/v2\/posts\/4324"}],"collection":[{"href":"https:\/\/www.ecuadoraldia.com.ec\/index.php?rest_route=\/wp\/v2\/posts"}],"about":[{"href":"https:\/\/www.ecuadoraldia.com.ec\/index.php?rest_route=\/wp\/v2\/types\/post"}],"author":[{"embeddable":true,"href":"https:\/\/www.ecuadoraldia.com.ec\/index.php?rest_route=\/wp\/v2\/users\/1"}],"replies":[{"embeddable":true,"href":"https:\/\/www.ecuadoraldia.com.ec\/index.php?rest_route=%2Fwp%2Fv2%2Fcomments&post=4324"}],"version-history":[{"count":1,"href":"https:\/\/www.ecuadoraldia.com.ec\/index.php?rest_route=\/wp\/v2\/posts\/4324\/revisions"}],"predecessor-version":[{"id":4326,"href":"https:\/\/www.ecuadoraldia.com.ec\/index.php?rest_route=\/wp\/v2\/posts\/4324\/revisions\/4326"}],"wp:attachment":[{"href":"https:\/\/www.ecuadoraldia.com.ec\/index.php?rest_route=%2Fwp%2Fv2%2Fmedia&parent=4324"}],"wp:term":[{"taxonomy":"category","embeddable":true,"href":"https:\/\/www.ecuadoraldia.com.ec\/index.php?rest_route=%2Fwp%2Fv2%2Fcategories&post=4324"},{"taxonomy":"post_tag","embeddable":true,"href":"https:\/\/www.ecuadoraldia.com.ec\/index.php?rest_route=%2Fwp%2Fv2%2Ftags&post=4324"}],"curies":[{"name":"wp","href":"https:\/\/api.w.org\/{rel}","templated":true}]}}