{"id":4327,"date":"2014-08-15T13:26:45","date_gmt":"2014-08-15T13:26:45","guid":{"rendered":"http:\/\/www.ecuadoraldia.com.ec\/?p=4327"},"modified":"2014-08-15T13:26:45","modified_gmt":"2014-08-15T13:26:45","slug":"mas-de-un-millon-de-celulares-han-sido-rechazados","status":"publish","type":"post","link":"https:\/\/www.ecuadoraldia.com.ec\/?p=4327","title":{"rendered":"M\u00e1s de un mill\u00f3n de  celulares han sido rechazados"},"content":{"rendered":"<p><a href=\"http:\/\/www.ecuadoraldia.com.ec\/wp-content\/uploads\/2014\/08\/telefonoes-celulares-.jpg\"><img loading=\"lazy\" decoding=\"async\" class=\"alignleft size-full wp-image-4328\" src=\"http:\/\/www.ecuadoraldia.com.ec\/wp-content\/uploads\/2014\/08\/telefonoes-celulares-.jpg\" alt=\"telefonoes-celulares-\" width=\"300\" height=\"293\" \/><\/a>Un mill\u00f3n 500 mil tel\u00e9fonos celulares han sido rechazados dentro del proceso de registro que lleva adelante la Superintendencia de Telecomunicaciones (Supertel) entre el 12 de marzo y la segunda semana de agosto, inform\u00f3 Fabi\u00e1n Jaramillo, titular de la entidad.<\/p>\n<p>Esos dispositivos no estaban activados e intentaron ingresar al mercado. En cambio, indic\u00f3 Jaramillo, alrededor de 480 mil pasaron el registro y est\u00e1n listos para ser vendidos.<\/p>\n<p>Tambi\u00e9n dijo que unos 280 mil tel\u00e9fonos celulares est\u00e1n en tr\u00e1mite en el Servicio Nacional de Aduana (Senae).<\/p>\n<p>El proceso por medio del cual se debe registrar el IMEI (serie \u00fanica) de los equipos para que puedan ser activados est\u00e1 dirigido a quienes compran tel\u00e9fonos m\u00f3viles en el extranjero y los ingresan a trav\u00e9s de salas de arribo internacional. Estos deben ser legalizados en alguna de las 3 operadoras, 33 empresas importadoras o 7 ensambladoras locales de celulares.<\/p>\n<p>El funcionario mencion\u00f3 que no se aceptaron los tel\u00e9fonos m\u00f3viles porque no est\u00e1n homologados, fueron reportados como robados en otros pa\u00edses o debido a que algunos de esos dispositivos tienen series \u00fanicas correspondientes a fabricaciones demasiado antiguas.<\/p>\n<p>El objetivo del registro es que se puedan bloquear tel\u00e9fonos que fueron robados o cuyo ingreso al pa\u00eds sea il\u00edcito.<\/p>\n<p>Claudio Rosas, intendente nacional de Control T\u00e9cnico de la Supertel, indic\u00f3 ayer que de los casi 18 millones de dispositivos que se encuentran activos en el pa\u00eds, una auditor\u00eda del organismo determin\u00f3 que en unos diez millones hab\u00eda alguna duda respecto al registro de los aparatos, empadronamiento, al origen del IMEI o del mismo artefacto.<\/p>\n<p>De ellos, agreg\u00f3 Rosas, cuatro millones est\u00e1n en depuraci\u00f3n.<\/p>\n<p>Para octubre, la Superintendencia de Telecomunicaciones espera tener la primera evaluaci\u00f3n de los nuevos par\u00e1metros de calidad (como nivel m\u00ednimo de se\u00f1al, entrega de mensajes, entre otros) de las operadoras celulares que arranc\u00f3 en julio.<\/p>\n","protected":false},"excerpt":{"rendered":"<p>Un mill\u00f3n 500 mil tel\u00e9fonos celulares han sido rechazados dentro del proceso de registro que lleva adelante la Superintendencia de<\/p>\n","protected":false},"author":1,"featured_media":0,"comment_status":"open","ping_status":"open","sticky":false,"template":"","format":"standard","meta":{"footnotes":""},"categories":[1],"tags":[],"_links":{"self":[{"href":"https:\/\/www.ecuadoraldia.com.ec\/index.php?rest_route=\/wp\/v2\/posts\/4327"}],"collection":[{"href":"https:\/\/www.ecuadoraldia.com.ec\/index.php?rest_route=\/wp\/v2\/posts"}],"about":[{"href":"https:\/\/www.ecuadoraldia.com.ec\/index.php?rest_route=\/wp\/v2\/types\/post"}],"author":[{"embeddable":true,"href":"https:\/\/www.ecuadoraldia.com.ec\/index.php?rest_route=\/wp\/v2\/users\/1"}],"replies":[{"embeddable":true,"href":"https:\/\/www.ecuadoraldia.com.ec\/index.php?rest_route=%2Fwp%2Fv2%2Fcomments&post=4327"}],"version-history":[{"count":1,"href":"https:\/\/www.ecuadoraldia.com.ec\/index.php?rest_route=\/wp\/v2\/posts\/4327\/revisions"}],"predecessor-version":[{"id":4329,"href":"https:\/\/www.ecuadoraldia.com.ec\/index.php?rest_route=\/wp\/v2\/posts\/4327\/revisions\/4329"}],"wp:attachment":[{"href":"https:\/\/www.ecuadoraldia.com.ec\/index.php?rest_route=%2Fwp%2Fv2%2Fmedia&parent=4327"}],"wp:term":[{"taxonomy":"category","embeddable":true,"href":"https:\/\/www.ecuadoraldia.com.ec\/index.php?rest_route=%2Fwp%2Fv2%2Fcategories&post=4327"},{"taxonomy":"post_tag","embeddable":true,"href":"https:\/\/www.ecuadoraldia.com.ec\/index.php?rest_route=%2Fwp%2Fv2%2Ftags&post=4327"}],"curies":[{"name":"wp","href":"https:\/\/api.w.org\/{rel}","templated":true}]}}