{"id":4330,"date":"2014-08-15T13:29:21","date_gmt":"2014-08-15T13:29:21","guid":{"rendered":"http:\/\/www.ecuadoraldia.com.ec\/?p=4330"},"modified":"2014-08-15T13:29:21","modified_gmt":"2014-08-15T13:29:21","slug":"record-guiness-para-alfonso-espinoza-como-presentador-de-noticias","status":"publish","type":"post","link":"https:\/\/www.ecuadoraldia.com.ec\/?p=4330","title":{"rendered":"R\u00e9cord Guiness Para Alfonso Espinoza como presentador de noticias"},"content":{"rendered":"<p><a href=\"http:\/\/www.ecuadoraldia.com.ec\/wp-content\/uploads\/2014\/08\/alfonsooo.jpg\"><img loading=\"lazy\" decoding=\"async\" class=\"alignleft size-medium wp-image-4331\" src=\"http:\/\/www.ecuadoraldia.com.ec\/wp-content\/uploads\/2014\/08\/alfonsooo-300x210.jpg\" alt=\"alfonsooo\" width=\"300\" height=\"210\" srcset=\"https:\/\/www.ecuadoraldia.com.ec\/wp-content\/uploads\/2014\/08\/alfonsooo-300x210.jpg 300w, https:\/\/www.ecuadoraldia.com.ec\/wp-content\/uploads\/2014\/08\/alfonsooo.jpg 600w\" sizes=\"(max-width: 300px) 100vw, 300px\" \/><\/a>Alfonso Espinosa de los Monteros recibi\u00f3 la noche de este jueves el &#8216;R\u00e9cord Guinnes&#8217; por ser el &#8216;Presentador de noticias con la trayectoria m\u00e1s larga del mundo&#8217; (&#8216;The longest career as a television news broadcaster&#8217; nombre en ingl\u00e9s) durante el noticiero de Ecuavisa de las 20h00.<\/p>\n<p>Espinosa de los Monteros fue felicitado por sus compa\u00f1eros durante la emisi\u00f3n del noticiario Televistazo, una vez que el organismos acreditador confirm\u00f3 la trayectoria de 47 a\u00f1os con 83 d\u00edas (registrado hasta el 22 de mayo del 2014), de Espinosa de los Monteros en pantalla laborados de manera ininterrumpida.<\/p>\n<p>Los mensajes de celebraci\u00f3n no tardaron en llegar en redes sociales como Twitter en la que el hashtag #DonAlfonsoGuinnes, se convirti\u00f3 en tendencia. Compa\u00f1eros de pantalla como Tania Tinoco y Gabriela Baer compartieron sus tuits con im\u00e1genes de el periodista.<br \/>\nCon 25 a\u00f1os, Espinosa de los Monteros ingres\u00f3 a laborar a Ecuavisa el 1 de marzo de 1967, tal como lo rese\u00f1a un art\u00edculo publicado en la p\u00e1gina web del canal la tarde de este jueves.<\/p>\n<p>Actualmente, el periodista llamado con cari\u00f1o por sus colegas como Don Alfonso, es el vicepresidente de Noticias de Ecuavisa.<\/p>\n","protected":false},"excerpt":{"rendered":"<p>Alfonso Espinosa de los Monteros recibi\u00f3 la noche de este jueves el &#8216;R\u00e9cord Guinnes&#8217; por ser el &#8216;Presentador de noticias<\/p>\n","protected":false},"author":1,"featured_media":0,"comment_status":"open","ping_status":"open","sticky":false,"template":"","format":"standard","meta":{"footnotes":""},"categories":[4],"tags":[],"_links":{"self":[{"href":"https:\/\/www.ecuadoraldia.com.ec\/index.php?rest_route=\/wp\/v2\/posts\/4330"}],"collection":[{"href":"https:\/\/www.ecuadoraldia.com.ec\/index.php?rest_route=\/wp\/v2\/posts"}],"about":[{"href":"https:\/\/www.ecuadoraldia.com.ec\/index.php?rest_route=\/wp\/v2\/types\/post"}],"author":[{"embeddable":true,"href":"https:\/\/www.ecuadoraldia.com.ec\/index.php?rest_route=\/wp\/v2\/users\/1"}],"replies":[{"embeddable":true,"href":"https:\/\/www.ecuadoraldia.com.ec\/index.php?rest_route=%2Fwp%2Fv2%2Fcomments&post=4330"}],"version-history":[{"count":1,"href":"https:\/\/www.ecuadoraldia.com.ec\/index.php?rest_route=\/wp\/v2\/posts\/4330\/revisions"}],"predecessor-version":[{"id":4332,"href":"https:\/\/www.ecuadoraldia.com.ec\/index.php?rest_route=\/wp\/v2\/posts\/4330\/revisions\/4332"}],"wp:attachment":[{"href":"https:\/\/www.ecuadoraldia.com.ec\/index.php?rest_route=%2Fwp%2Fv2%2Fmedia&parent=4330"}],"wp:term":[{"taxonomy":"category","embeddable":true,"href":"https:\/\/www.ecuadoraldia.com.ec\/index.php?rest_route=%2Fwp%2Fv2%2Fcategories&post=4330"},{"taxonomy":"post_tag","embeddable":true,"href":"https:\/\/www.ecuadoraldia.com.ec\/index.php?rest_route=%2Fwp%2Fv2%2Ftags&post=4330"}],"curies":[{"name":"wp","href":"https:\/\/api.w.org\/{rel}","templated":true}]}}