{"id":4333,"date":"2014-08-15T15:08:27","date_gmt":"2014-08-15T15:08:27","guid":{"rendered":"http:\/\/www.ecuadoraldia.com.ec\/?p=4333"},"modified":"2014-08-15T15:08:27","modified_gmt":"2014-08-15T15:08:27","slug":"diana-carolina-la-dama-del-requinto","status":"publish","type":"post","link":"https:\/\/www.ecuadoraldia.com.ec\/?p=4333","title":{"rendered":"Diana Carolina, la dama del requinto"},"content":{"rendered":"<p><a href=\"http:\/\/www.ecuadoraldia.com.ec\/wp-content\/uploads\/2014\/08\/dc.jpg\"><img loading=\"lazy\" decoding=\"async\" class=\"alignleft size-medium wp-image-4334\" src=\"http:\/\/www.ecuadoraldia.com.ec\/wp-content\/uploads\/2014\/08\/dc-300x300.jpg\" alt=\"dc\" width=\"300\" height=\"300\" srcset=\"https:\/\/www.ecuadoraldia.com.ec\/wp-content\/uploads\/2014\/08\/dc-300x300.jpg 300w, https:\/\/www.ecuadoraldia.com.ec\/wp-content\/uploads\/2014\/08\/dc-150x150.jpg 150w, https:\/\/www.ecuadoraldia.com.ec\/wp-content\/uploads\/2014\/08\/dc.jpg 928w\" sizes=\"(max-width: 300px) 100vw, 300px\" \/><\/a>Su vida est\u00e1 atada al canto y a las cuerdas de ese requinto que sus dedos digitan con maestr\u00eda y velocidad. Ese mediod\u00eda, en el estudio de grabaci\u00f3n, Diana Carolina interpreta Renace el amor: \u201cLa soledad que siempre fue mi amiga\/ Hoy se ha quedado sin mi compa\u00f1\u00eda\/ Porque a mi edad ha vuelto la alegr\u00eda\/ De aquel amor que mi pecho no ten\u00eda\u201d.<\/p>\n<p>Su voz nost\u00e1lgica es acompa\u00f1ada por sentidas notas de requinto, guitarra, bajo, trompeta y un fondo de viol\u00edn. Instrumentos interpretados por ella y sus hermanos, Juan Jos\u00e9 y Juan Manuel.<\/p>\n<p>Estas son las se\u00f1ales de vida de Diana Carolina Romero Barre, guayaquile\u00f1a de 24 a\u00f1os, m\u00e1s conocida como La Dama del Requinto, porque adem\u00e1s de cantante y compositora, ejecuta el requinto, instrumento tradicionalmente dominado por los hombres.<\/p>\n<p>En Ecuador han sobresalido interpret\u00e1ndolo: Bol\u00edvar Lara, Abilio Berm\u00fadez, Carlos Montalvo, Rosalino Quintero, Naldo Campos, los hermanos Vera, etc\u00e9tera.<\/p>\n<p>Diana Carolina dej\u00f3 a un lado las mu\u00f1ecas y empez\u00f3 a cantar a los 3 a\u00f1os, a los 7 grab\u00f3 su primer disco de 45 revoluciones. Pero fue en 1996 que logr\u00f3 notoriedad al grabar un CD que conten\u00eda el \u00e9xito Mi mam\u00e1 te pega, \u2013canci\u00f3n escrita por Juan Romero, su padre\u2013 y que fue regrabada sin autorizaci\u00f3n por otro artista. Entonces cuando ella ten\u00eda 14 a\u00f1os, su padre, para evitar ser imitados, decidi\u00f3 ense\u00f1arle a ejecutar el requinto, un instrumento casi vetado para las mujeres.<\/p>\n<p>\u201cAprender fue bien dif\u00edcil porque se necesita de bastante velocidad, sobre todo en las primeras cuerdas \u2013recuerda Diana Carolina\u2013. Ensayaba cuatro horas al d\u00eda. Al principio me salieron callos en los dedos. Se necesita de mucha velocidad en la digitaci\u00f3n, concentraci\u00f3n y como yo al mismo tiempo canto es doble la concentraci\u00f3n. Por eso, a veces se admiran los requintistas. Es un instrumento dif\u00edcil, solo los hombres lo tocan pero estoy demostrando que las mujeres tambi\u00e9n lo podemos interpretar\u201d.<\/p>\n<p>Juan Romero asegura que en Ecuador, Per\u00fa y Colombia no hay mujeres requintistas.<\/p>\n<p>Hasta ahora esta joven artista ha grabado 5 CD: Diana Carolina Romero y su requinto; Temas de la guardia vieja en una voz juvenil; Bachateando con Diana Carolina; Sentimiento rocolero. Y acaba de publicar en Medell\u00edn: Diana Carolina, la Dama del Requinto, disco con baladas del compositor orense V\u00edctor Santill\u00e1n Cruz. Canciones que suenan en las emisoras y sus videos se pueden observar en: www.romebrothers.com.<\/p>\n<p>La cantante anuncia que en breve circular\u00e1 otro disco \u2013a\u00fan sin nombre\u2013 de baladas y bachatas.<\/p>\n<p>Diana Carolina y sus hermanos los fines de semana se presentan en bares, pe\u00f1as y programas televisivos de m\u00fasica rocolera. Como tambi\u00e9n en ciudades cercanas a Guayaquil. Ahora acaban de retornar de una gira por Colombia que dur\u00f3 varios meses \u2013de febrero a julio\u2013 por ciudades como Medell\u00edn, Santa B\u00e1rbara, Andes, Armenia Mantequilla, El Poblado, Envigado, etc\u00e9tera, Venezuela.<\/p>\n<p>Comenta que en todas esas localidades se presentaron en festivales al aire libre, adem\u00e1s en varios programas de radio y televisi\u00f3n con \u2018El ventanal de los recuerdos\u2019, en Medell\u00edn.<\/p>\n<p>\u201cTuve bastante acogida porque all\u00e1 tampoco se ve\u00eda que una mujer toque el requinto y yo feliz estaba representando a mi pa\u00eds \u2013narra Diana Carolina\u2013. En Colombia lo que m\u00e1s piden es la m\u00fasica de Julio Jaramillo y Olimpo C\u00e1rdenas, eso es lo que m\u00e1s pega. Cuando saben que uno es ecuatoriano enseguida te dicen: \u00a1Ah!, usted es de la tierra de Julio Jaramillo y le piden una canci\u00f3n de \u00e9l, como yo en mi disco Temas de la guardia vieja en una voz juvenil tengo algunos temas de Julio Jaramillo, los pod\u00eda complacer\u201d.<\/p>\n<p>Asegura que entre noviembre y diciembre regresar\u00e1n a los escenarios de Colombia y posiblemente tambi\u00e9n se desplacen a Venezuela.<\/p>\n<p>Confiesa que M\u00edster Juramento es su cantante favorito, adem\u00e1s de la m\u00fasica nacional, aunque tambi\u00e9n le gusta interpretar temas bailables, en especial bachatas. Se muestra agradecida con su padre por haberle ense\u00f1ado a tocar el requinto, y siempre ha sido admiradora de los requintistas Rosalino Quintero y Naldo Campos.<\/p>\n<p>Ese s\u00e1bado, Diana Carolina y sus hermanos retornan a ensayar. Es cuando, entre cuerdas de guitarra y requinto, suena su voz interpretando Mi herencia es mi guitarra, un tema que por ser de su autor\u00eda da cuenta de su vida: \u201cLa herencia que mi padre me dej\u00f3\/ es una guitarra nom\u00e1s\/ pero con esta guitarra todo el mundo voy a recorrer\/ Es algo divino lo que me dej\u00f3\/ Yo le agradezco a mi padre\/ Porque mi guitarra no tiene final\u201d. (Tomado del Universo)<\/p>\n<p>&nbsp;<\/p>\n<p>&nbsp;<\/p>\n","protected":false},"excerpt":{"rendered":"<p>Su vida est\u00e1 atada al canto y a las cuerdas de ese requinto que sus dedos digitan con maestr\u00eda y<\/p>\n","protected":false},"author":1,"featured_media":0,"comment_status":"open","ping_status":"open","sticky":false,"template":"","format":"standard","meta":{"footnotes":""},"categories":[1],"tags":[],"_links":{"self":[{"href":"https:\/\/www.ecuadoraldia.com.ec\/index.php?rest_route=\/wp\/v2\/posts\/4333"}],"collection":[{"href":"https:\/\/www.ecuadoraldia.com.ec\/index.php?rest_route=\/wp\/v2\/posts"}],"about":[{"href":"https:\/\/www.ecuadoraldia.com.ec\/index.php?rest_route=\/wp\/v2\/types\/post"}],"author":[{"embeddable":true,"href":"https:\/\/www.ecuadoraldia.com.ec\/index.php?rest_route=\/wp\/v2\/users\/1"}],"replies":[{"embeddable":true,"href":"https:\/\/www.ecuadoraldia.com.ec\/index.php?rest_route=%2Fwp%2Fv2%2Fcomments&post=4333"}],"version-history":[{"count":1,"href":"https:\/\/www.ecuadoraldia.com.ec\/index.php?rest_route=\/wp\/v2\/posts\/4333\/revisions"}],"predecessor-version":[{"id":4335,"href":"https:\/\/www.ecuadoraldia.com.ec\/index.php?rest_route=\/wp\/v2\/posts\/4333\/revisions\/4335"}],"wp:attachment":[{"href":"https:\/\/www.ecuadoraldia.com.ec\/index.php?rest_route=%2Fwp%2Fv2%2Fmedia&parent=4333"}],"wp:term":[{"taxonomy":"category","embeddable":true,"href":"https:\/\/www.ecuadoraldia.com.ec\/index.php?rest_route=%2Fwp%2Fv2%2Fcategories&post=4333"},{"taxonomy":"post_tag","embeddable":true,"href":"https:\/\/www.ecuadoraldia.com.ec\/index.php?rest_route=%2Fwp%2Fv2%2Ftags&post=4333"}],"curies":[{"name":"wp","href":"https:\/\/api.w.org\/{rel}","templated":true}]}}