{"id":4336,"date":"2014-08-15T15:39:00","date_gmt":"2014-08-15T15:39:00","guid":{"rendered":"http:\/\/www.ecuadoraldia.com.ec\/?p=4336"},"modified":"2014-08-15T15:39:00","modified_gmt":"2014-08-15T15:39:00","slug":"el-mapa-del-dia-en-que-paises-estan-los-hombres-mas-dotados","status":"publish","type":"post","link":"https:\/\/www.ecuadoraldia.com.ec\/?p=4336","title":{"rendered":"El mapa del d\u00eda: \u00bfEn qu\u00e9 pa\u00edses est\u00e1n los hombres m\u00e1s dotados?"},"content":{"rendered":"<p><a href=\"http:\/\/www.ecuadoraldia.com.ec\/wp-content\/uploads\/2014\/08\/MAPA1.jpg\"><img loading=\"lazy\" decoding=\"async\" class=\"alignleft size-medium wp-image-4337\" src=\"http:\/\/www.ecuadoraldia.com.ec\/wp-content\/uploads\/2014\/08\/MAPA1-300x168.jpg\" alt=\"MAPA1\" width=\"300\" height=\"168\" srcset=\"https:\/\/www.ecuadoraldia.com.ec\/wp-content\/uploads\/2014\/08\/MAPA1-300x168.jpg 300w, https:\/\/www.ecuadoraldia.com.ec\/wp-content\/uploads\/2014\/08\/MAPA1.jpg 770w\" sizes=\"(max-width: 300px) 100vw, 300px\" \/><\/a>Mucho se habla acerca del tama\u00f1o del miembro masculino. Que lo que importa es el largo, el ancho&#8230;pero lo esencial, m\u00e1s all\u00e1 de especulaciones, son los datos. Luego, cada uno sacar\u00e1 sus propias conclusiones.<\/p>\n<p>Un estudio realizado por Average Size Database, a partir de una impresionante recolecci\u00f3n de datos en todo el mundo, permite conocer los ansiados resultados sobre un tema que parece preocupar a muchos.<\/p>\n<p>\u00bfEs cierto, entonces, el \u00abmito\u00bb sobre el tama\u00f1o del pene de las personas de color negro? S\u00ed, parece serlo.<\/p>\n<p>Puedes comprobarlo de manera interactiva aqu\u00ed.<\/p>\n<p>targetmap.com<\/p>\n<p><a href=\"http:\/\/www.ecuadoraldia.com.ec\/wp-content\/uploads\/2014\/08\/MAPA2.jpg\"><img loading=\"lazy\" decoding=\"async\" class=\"alignleft size-medium wp-image-4338\" src=\"http:\/\/www.ecuadoraldia.com.ec\/wp-content\/uploads\/2014\/08\/MAPA2-300x168.jpg\" alt=\"MAPA2\" width=\"300\" height=\"168\" srcset=\"https:\/\/www.ecuadoraldia.com.ec\/wp-content\/uploads\/2014\/08\/MAPA2-300x168.jpg 300w, https:\/\/www.ecuadoraldia.com.ec\/wp-content\/uploads\/2014\/08\/MAPA2.jpg 770w\" sizes=\"(max-width: 300px) 100vw, 300px\" \/><\/a>El ranking est\u00e1 encabezado por la Rep\u00fablica Democr\u00e1tica del Congo, con un promedio de 17,93 cent\u00edmetros de largo cuando est\u00e1 erecto. En segundo lugar aparece Ecuador (17,77). M\u00e1s atr\u00e1s aparecen la Rep\u00fablica del Congo, conocida tambi\u00e9n como Congo Brazzaville (17,33) Ghana (17,31), Nigeria (17) y Venezuela (16,93). Otro sudamericano aparece entre los primeros 10: Colombia (16,75).<\/p>\n<p>M\u00e1s abajo aparecen en los puestos 19, Cuba (15,87 cent\u00edmetros); en el 24, Brasil (15,70); en el 28, Uruguay (15,61); en el 31, Paraguay (15,53); 32, Bolivia (15,51), y en el 45, la Argentina (14,88).<\/p>\n<p>Sin embargo, lo curioso es que si se mide la circunferencia del pene erecto los resultados son bien distintos. En este caso, el primero de la lista es Francia (un promedio de 13,63 cent\u00edmetros), seguido por Holanda (13,55) y Nigeria (13,40). En los puestos 9 y 10 aparecen los \u00fanicos latinoamericanos del top 10: Ecuador (13,14) y Colombia (13,13), respectivamente.<\/p>\n<p>El ranking, seg\u00fan el largo (en cent\u00edmetros):<\/p>\n<p>1) Rep\u00fablica Democr\u00e1tica del Congo (17,93)<\/p>\n<p>2) Ecuador (17,77)<\/p>\n<p>3) Congo Brazzaville (17,33)<\/p>\n<p>4) Ghana (17,31)<\/p>\n<p>5) Nigeria (17)<\/p>\n<p>6) Venezuela (16,93)<\/p>\n<p>7) L\u00edbano (16,82)<\/p>\n<p>8) Colombia (16,75)<\/p>\n<p>9) Camer\u00fan (16,65)<\/p>\n<p>10) Jamaica (16,30)<\/p>\n<p>El ranking, seg\u00fan la circunferencia (en cent\u00edmetros):<\/p>\n<p>1) Francia (13,63)<\/p>\n<p>2) Holanda (13,55)<\/p>\n<p>3) Nigeria (13,40)<\/p>\n<p>4) Dinamarca (13,26)<\/p>\n<p>5) Australia (13,22)<\/p>\n<p>6) Gambia (13,21)<\/p>\n<p>7) Noruega (13,15).<\/p>\n<p>8) Ecuador (13,14)<\/p>\n<p>9) Colombia (13,13)<\/p>\n<p>10) B\u00e9lgica (13,12)<\/p>\n<p>&nbsp;<\/p>\n<p>&nbsp;<\/p>\n<p>&nbsp;<\/p>\n<p>&nbsp;<\/p>\n<p>&nbsp;<\/p>\n<p>&nbsp;<\/p>\n","protected":false},"excerpt":{"rendered":"<p>Mucho se habla acerca del tama\u00f1o del miembro masculino. Que lo que importa es el largo, el ancho&#8230;pero lo esencial,<\/p>\n","protected":false},"author":1,"featured_media":0,"comment_status":"open","ping_status":"open","sticky":false,"template":"","format":"standard","meta":{"footnotes":""},"categories":[8],"tags":[],"_links":{"self":[{"href":"https:\/\/www.ecuadoraldia.com.ec\/index.php?rest_route=\/wp\/v2\/posts\/4336"}],"collection":[{"href":"https:\/\/www.ecuadoraldia.com.ec\/index.php?rest_route=\/wp\/v2\/posts"}],"about":[{"href":"https:\/\/www.ecuadoraldia.com.ec\/index.php?rest_route=\/wp\/v2\/types\/post"}],"author":[{"embeddable":true,"href":"https:\/\/www.ecuadoraldia.com.ec\/index.php?rest_route=\/wp\/v2\/users\/1"}],"replies":[{"embeddable":true,"href":"https:\/\/www.ecuadoraldia.com.ec\/index.php?rest_route=%2Fwp%2Fv2%2Fcomments&post=4336"}],"version-history":[{"count":1,"href":"https:\/\/www.ecuadoraldia.com.ec\/index.php?rest_route=\/wp\/v2\/posts\/4336\/revisions"}],"predecessor-version":[{"id":4339,"href":"https:\/\/www.ecuadoraldia.com.ec\/index.php?rest_route=\/wp\/v2\/posts\/4336\/revisions\/4339"}],"wp:attachment":[{"href":"https:\/\/www.ecuadoraldia.com.ec\/index.php?rest_route=%2Fwp%2Fv2%2Fmedia&parent=4336"}],"wp:term":[{"taxonomy":"category","embeddable":true,"href":"https:\/\/www.ecuadoraldia.com.ec\/index.php?rest_route=%2Fwp%2Fv2%2Fcategories&post=4336"},{"taxonomy":"post_tag","embeddable":true,"href":"https:\/\/www.ecuadoraldia.com.ec\/index.php?rest_route=%2Fwp%2Fv2%2Ftags&post=4336"}],"curies":[{"name":"wp","href":"https:\/\/api.w.org\/{rel}","templated":true}]}}