{"id":4344,"date":"2014-08-15T15:41:22","date_gmt":"2014-08-15T15:41:22","guid":{"rendered":"http:\/\/www.ecuadoraldia.com.ec\/?p=4344"},"modified":"2014-08-15T15:41:22","modified_gmt":"2014-08-15T15:41:22","slug":"que-les-dijeron-los-indigenas-amazonicos-a-los-civilizados","status":"publish","type":"post","link":"https:\/\/www.ecuadoraldia.com.ec\/?p=4344","title":{"rendered":"\u00bfQu\u00e9 les dijeron los ind\u00edgenas amaz\u00f3nicos a los civilizados?"},"content":{"rendered":"<p><a href=\"http:\/\/www.ecuadoraldia.com.ec\/wp-content\/uploads\/2014\/08\/indi.jpg\"><img loading=\"lazy\" decoding=\"async\" class=\"alignleft size-medium wp-image-4345\" src=\"http:\/\/www.ecuadoraldia.com.ec\/wp-content\/uploads\/2014\/08\/indi-300x168.jpg\" alt=\"indi\" width=\"300\" height=\"168\" srcset=\"https:\/\/www.ecuadoraldia.com.ec\/wp-content\/uploads\/2014\/08\/indi-300x168.jpg 300w, https:\/\/www.ecuadoraldia.com.ec\/wp-content\/uploads\/2014\/08\/indi.jpg 770w\" sizes=\"(max-width: 300px) 100vw, 300px\" \/><\/a>Grupos que jam\u00e1s tuvieron contacto con el mundo est\u00e1n escapando de la selva por conflictos territoriales. Ahora se exponen a enfermedades que pueden resultar letales<\/p>\n<p>A fines de julio, miembros de una tribu ind\u00edgena del Amazonas hicieron contacto con la civilizaci\u00f3n cerca de la frontera entre Brasil y Per\u00fa. Eran siete hombres y mujeres que sujetaban flechas. Tambi\u00e9n llevaban una escopeta y hablaban una lengua desconocida.<\/p>\n<p>Vieron un barco de la Fundaci\u00f3n Nacional del Ind\u00edgena (Funai), se acercaron y gesticularon. Los trabajadores los observaron y se fueron. Dos d\u00edas despu\u00e9s, los mismos abor\u00edgenes se presentaron en la aldea Simpat\u00eda, la \u00faltima antes de la frontera, de la etnia ashaninka.<\/p>\n<p>All\u00ed cantaron, imitaron a los monos y amenazaron a un hombre que sosten\u00eda una escopeta: \u00abSi nos maltratan, los hechizaremos\u00bb, tal y como recoge un video, traducido despu\u00e9s. Mov\u00edan el est\u00f3mago, en una se\u00f1al interpretada como un aviso de que ten\u00edan hambre, y recibieron pl\u00e1tanos de los ashaninka. Entraron en la aldea y robaron un pantal\u00f3n corto y un hacha. Se fueron, pero volvieron al d\u00eda siguiente: uno de ellos estornudaba y tos\u00eda.<\/p>\n<p>Seg\u00fan detall\u00f3 la Funai de Brasil, esto se debe a que, como vivieron siempre en la naturaleza, estos grupos jam\u00e1s desarrollaron la inmunidad necesaria para combatir enfermedades como la gripe, lo cual tardar\u00edan tres generaciones en lograr. Usualmente, estos casos suelen resultar en la muerte de entre el 50% y el 90% de una tribu.<\/p>\n<p>\u00abSI NOS MALTRATAN, LOS HECHIZAREMOS\u00bb<\/p>\n<p>Seg\u00fan la organizaci\u00f3n, de los 104 grupos aislados registrados, est\u00e1 vigilando a 26, siempre a una gran distancia. Los siete ind\u00edgenas que aparecieron, pertenecientes a un pueblo del r\u00edo Xinane, se encontraban huyendo de un conflicto relacionado con presiones sobre su territorio, informa El Pa\u00eds.<\/p>\n<p>\u00abLa din\u00e1mica de esos pueblos aislados est\u00e1 cambiando en funci\u00f3n de esa presi\u00f3n territorial. Estamos lidiando con relatos de masacres\u00bb, destac\u00f3 Leonardo L\u00eanin Santos, coordinador de Funai.<\/p>\n<p>Como se sospecha que ven\u00edan del lado peruano de la frontera, la presidente de FUNAI, Mar\u00eda Augusta Assati, solicit\u00f3 ayuda al gobierno de Per\u00fa para solucionar estos conflictos. La ONG Survival International lanz\u00f3 una petici\u00f3n en la que reclama cooperaci\u00f3n entre Brasil y Per\u00fa.<\/p>\n<p>Recientemente, la Fundaci\u00f3n empez\u00f3 a cuidar a 24 ind\u00edgenas que escaparon de la selva y est\u00e1 trabajando para que esta cantidad aumente a 60. \u00abEstamos lidiando con una situaci\u00f3n de emergencia. O hacemos, en efecto, una intervenci\u00f3n competente o se repetir\u00e1n los casos de contagios, donde la mortandad de los grupos ind\u00edgenas ha sido muy alta\u00bb, dijo su coordinador.<\/p>\n","protected":false},"excerpt":{"rendered":"<p>Grupos que jam\u00e1s tuvieron contacto con el mundo est\u00e1n escapando de la selva por conflictos territoriales. Ahora se exponen a<\/p>\n","protected":false},"author":1,"featured_media":0,"comment_status":"open","ping_status":"open","sticky":false,"template":"","format":"standard","meta":{"footnotes":""},"categories":[4],"tags":[],"_links":{"self":[{"href":"https:\/\/www.ecuadoraldia.com.ec\/index.php?rest_route=\/wp\/v2\/posts\/4344"}],"collection":[{"href":"https:\/\/www.ecuadoraldia.com.ec\/index.php?rest_route=\/wp\/v2\/posts"}],"about":[{"href":"https:\/\/www.ecuadoraldia.com.ec\/index.php?rest_route=\/wp\/v2\/types\/post"}],"author":[{"embeddable":true,"href":"https:\/\/www.ecuadoraldia.com.ec\/index.php?rest_route=\/wp\/v2\/users\/1"}],"replies":[{"embeddable":true,"href":"https:\/\/www.ecuadoraldia.com.ec\/index.php?rest_route=%2Fwp%2Fv2%2Fcomments&post=4344"}],"version-history":[{"count":1,"href":"https:\/\/www.ecuadoraldia.com.ec\/index.php?rest_route=\/wp\/v2\/posts\/4344\/revisions"}],"predecessor-version":[{"id":4346,"href":"https:\/\/www.ecuadoraldia.com.ec\/index.php?rest_route=\/wp\/v2\/posts\/4344\/revisions\/4346"}],"wp:attachment":[{"href":"https:\/\/www.ecuadoraldia.com.ec\/index.php?rest_route=%2Fwp%2Fv2%2Fmedia&parent=4344"}],"wp:term":[{"taxonomy":"category","embeddable":true,"href":"https:\/\/www.ecuadoraldia.com.ec\/index.php?rest_route=%2Fwp%2Fv2%2Fcategories&post=4344"},{"taxonomy":"post_tag","embeddable":true,"href":"https:\/\/www.ecuadoraldia.com.ec\/index.php?rest_route=%2Fwp%2Fv2%2Ftags&post=4344"}],"curies":[{"name":"wp","href":"https:\/\/api.w.org\/{rel}","templated":true}]}}