{"id":4347,"date":"2014-08-15T15:43:11","date_gmt":"2014-08-15T15:43:11","guid":{"rendered":"http:\/\/www.ecuadoraldia.com.ec\/?p=4347"},"modified":"2014-08-15T15:43:11","modified_gmt":"2014-08-15T15:43:11","slug":"la-periodista-mas-linda-del-mundial","status":"publish","type":"post","link":"https:\/\/www.ecuadoraldia.com.ec\/?p=4347","title":{"rendered":"La periodista m\u00e1s linda del Mundial"},"content":{"rendered":"<p><a href=\"http:\/\/www.ecuadoraldia.com.ec\/wp-content\/uploads\/2014\/08\/b.jpg\"><img loading=\"lazy\" decoding=\"async\" class=\"alignleft size-medium wp-image-4348\" src=\"http:\/\/www.ecuadoraldia.com.ec\/wp-content\/uploads\/2014\/08\/b-300x168.jpg\" alt=\"b\" width=\"300\" height=\"168\" srcset=\"https:\/\/www.ecuadoraldia.com.ec\/wp-content\/uploads\/2014\/08\/b-300x168.jpg 300w, https:\/\/www.ecuadoraldia.com.ec\/wp-content\/uploads\/2014\/08\/b.jpg 770w\" sizes=\"(max-width: 300px) 100vw, 300px\" \/><\/a>Vanessa Huppenkothen fue elegida como la m\u00e1s bella de las cronistas que cubrieron la \u00faltima Copa del Mundo en Brasil. Sin embargo, subi\u00f3 una graciosa foto a las redes sociales<\/p>\n<p>Fue, sin dudas, la periodista \u00abm\u00e1s linda del Mundial\u00bb. Es que la belleza de la mexicana Vanessa Huppenkothen no deja lugar a dudas. Sin embargo, hoy subi\u00f3 a su cuenta de Twitter una imagen con la que ella misma ironiza.<\/p>\n<p>Es una en la que se la ve en una producci\u00f3n de maquillaje con todo su equipo. \u00abMy team haciendo magia\u00bb, se r\u00ede la atractiva cronista de la cadena Televisa y que enloquece a los fan\u00e1ticos del f\u00fatbol en todo el mundo.<\/p>\n<p>La periodista naci\u00f3 en 1985 en M\u00e9xico DF y estudi\u00f3 Relaciones Internacionales al tiempo que probaba suerte en el modelaje y periodismo. Mide 1,71 metros y habla espa\u00f1ol, alem\u00e1n, ingl\u00e9s y franc\u00e9s. Toda una experta.<\/p>\n<p>Los encantos de la mexicana la han convertido en el centro de todas las miradas en Brasil. Lejos de sentirse inc\u00f3moda en el papel de sex symbol, la reportera no tiene ning\u00fan problema en posar ligera de ropa para protagonizar distintas sesiones de fotos y compartirlas en sus cuentas de Instagram y Twitter.<\/p>\n","protected":false},"excerpt":{"rendered":"<p>Vanessa Huppenkothen fue elegida como la m\u00e1s bella de las cronistas que cubrieron la \u00faltima Copa del Mundo en Brasil.<\/p>\n","protected":false},"author":1,"featured_media":0,"comment_status":"open","ping_status":"open","sticky":false,"template":"","format":"standard","meta":{"footnotes":""},"categories":[1],"tags":[],"_links":{"self":[{"href":"https:\/\/www.ecuadoraldia.com.ec\/index.php?rest_route=\/wp\/v2\/posts\/4347"}],"collection":[{"href":"https:\/\/www.ecuadoraldia.com.ec\/index.php?rest_route=\/wp\/v2\/posts"}],"about":[{"href":"https:\/\/www.ecuadoraldia.com.ec\/index.php?rest_route=\/wp\/v2\/types\/post"}],"author":[{"embeddable":true,"href":"https:\/\/www.ecuadoraldia.com.ec\/index.php?rest_route=\/wp\/v2\/users\/1"}],"replies":[{"embeddable":true,"href":"https:\/\/www.ecuadoraldia.com.ec\/index.php?rest_route=%2Fwp%2Fv2%2Fcomments&post=4347"}],"version-history":[{"count":1,"href":"https:\/\/www.ecuadoraldia.com.ec\/index.php?rest_route=\/wp\/v2\/posts\/4347\/revisions"}],"predecessor-version":[{"id":4349,"href":"https:\/\/www.ecuadoraldia.com.ec\/index.php?rest_route=\/wp\/v2\/posts\/4347\/revisions\/4349"}],"wp:attachment":[{"href":"https:\/\/www.ecuadoraldia.com.ec\/index.php?rest_route=%2Fwp%2Fv2%2Fmedia&parent=4347"}],"wp:term":[{"taxonomy":"category","embeddable":true,"href":"https:\/\/www.ecuadoraldia.com.ec\/index.php?rest_route=%2Fwp%2Fv2%2Fcategories&post=4347"},{"taxonomy":"post_tag","embeddable":true,"href":"https:\/\/www.ecuadoraldia.com.ec\/index.php?rest_route=%2Fwp%2Fv2%2Ftags&post=4347"}],"curies":[{"name":"wp","href":"https:\/\/api.w.org\/{rel}","templated":true}]}}