{"id":435,"date":"2013-06-24T20:19:33","date_gmt":"2013-06-24T20:19:33","guid":{"rendered":"http:\/\/www.ecuadoraldia.com.ec\/?p=435"},"modified":"2013-06-24T20:19:33","modified_gmt":"2013-06-24T20:19:33","slug":"berlusconi-condenado-a-siete-anos-de-carcel-por-el-caso-ruby","status":"publish","type":"post","link":"https:\/\/www.ecuadoraldia.com.ec\/?p=435","title":{"rendered":"Berlusconi, condenado a siete a\u00f1os de c\u00e1rcel por el &#8216;caso Ruby&#8217;"},"content":{"rendered":"<p><a href=\"http:\/\/www.ecuadoraldia.com.ec\/wp-content\/uploads\/2013\/06\/berluscon.jpg\"><img loading=\"lazy\" decoding=\"async\" class=\"alignleft size-medium wp-image-436\" alt=\"berluscon\" src=\"http:\/\/www.ecuadoraldia.com.ec\/wp-content\/uploads\/2013\/06\/berluscon-300x195.jpg\" width=\"300\" height=\"195\" srcset=\"https:\/\/www.ecuadoraldia.com.ec\/wp-content\/uploads\/2013\/06\/berluscon-300x195.jpg 300w, https:\/\/www.ecuadoraldia.com.ec\/wp-content\/uploads\/2013\/06\/berluscon.jpg 450w\" sizes=\"(max-width: 300px) 100vw, 300px\" \/><\/a>Agencia EFE. El exprimer ministro italiano Silvio Berlusconi fue condenado hoy por el Tribunal de Mil\u00e1n a 7 a\u00f1os de prisi\u00f3n y a inhabilitaci\u00f3n perpetua para el ejercicio de un cargo p\u00fablico por el caso Ruby, en el que se le juzgaba por abuso de poder e incitaci\u00f3n a la prostituci\u00f3n de menores.<\/p>\n<p>Las tres juezas del tribunal que ha juzgado en primera instancia a Berlusconi desde abril de 2011 dictaron una condena para el exprimer ministro italiano superior a los 6 a\u00f1os de prisi\u00f3n que hab\u00eda solicitado la fiscal, Ilda Boccassini, y ordenaron adem\u00e1s la confiscaci\u00f3n definitiva de los bienes de Ruby derivados del delito.<\/p>\n<p>El hecho de que la condena sea superior a la petici\u00f3n hecha por la Fiscal\u00eda deriva de que las juezas cambiaron en parte la formulaci\u00f3n de uno de los delitos, pues Berlusconi fue condenado por abuso de poder por \u00abconstricci\u00f3n\u00bb y no por \u00abinducci\u00f3n\u00bb como figuraba en la acusaci\u00f3n de la fiscal.<\/p>\n<p>El caso juzgaba la supuesta incitaci\u00f3n a la prostituci\u00f3n de menores que cometi\u00f3 Berlusconi al mantener relaciones sexuales de pago con la joven marroqu\u00ed Karima El Marough, alias Ruby, cuando \u00e9sta no hab\u00eda cumplido a\u00fan 18 a\u00f1os, mientras que el abuso de poder llega por la llamada que realiz\u00f3 a una comisar\u00eda de Mil\u00e1n para exigir que liberaran a la chica tras ser detenida por un robo.<\/p>\n<p>Tras conocer la decisi\u00f3n de las tres juezas, Niccol\u00f2 Ghedini, abogado del exprimer ministro, dijo no estar sorprendido por el sentido de la misma y anunci\u00f3 que recurrir\u00e1n la condena, que no ser\u00e1 efectiva hasta que no sea en firme.<\/p>\n<p>El pasado 13 de mayo, en una muy dura comparecencia, Boccassini hab\u00eda solicitado seis a\u00f1os de prisi\u00f3n e inhabilitaci\u00f3n de por vida para el exprimer ministro al asegurar que \u00abno existe duda\u00bb de que Ruby \u00abhab\u00eda mantenido sexo con Berlusconi y hab\u00eda obtenido beneficios a cambio\u00bb meses antes de cumplir 18 a\u00f1os.<\/p>\n<p>Berlusconi tiene pendiente otras sentencias, entre ellas una este a\u00f1o por fraude fiscal en el caso Mediaset, por el que la fiscal\u00eda pidi\u00f3 cuatro a\u00f1os de c\u00e1rcel y a cinco de inhabilitaci\u00f3n en el ejercicio de cargos p\u00fablicos.<\/p>\n","protected":false},"excerpt":{"rendered":"<p>Agencia EFE. El exprimer ministro italiano Silvio Berlusconi fue condenado hoy por el Tribunal de Mil\u00e1n a 7 a\u00f1os de<\/p>\n","protected":false},"author":1,"featured_media":0,"comment_status":"open","ping_status":"open","sticky":false,"template":"","format":"standard","meta":{"footnotes":""},"categories":[7],"tags":[],"_links":{"self":[{"href":"https:\/\/www.ecuadoraldia.com.ec\/index.php?rest_route=\/wp\/v2\/posts\/435"}],"collection":[{"href":"https:\/\/www.ecuadoraldia.com.ec\/index.php?rest_route=\/wp\/v2\/posts"}],"about":[{"href":"https:\/\/www.ecuadoraldia.com.ec\/index.php?rest_route=\/wp\/v2\/types\/post"}],"author":[{"embeddable":true,"href":"https:\/\/www.ecuadoraldia.com.ec\/index.php?rest_route=\/wp\/v2\/users\/1"}],"replies":[{"embeddable":true,"href":"https:\/\/www.ecuadoraldia.com.ec\/index.php?rest_route=%2Fwp%2Fv2%2Fcomments&post=435"}],"version-history":[{"count":1,"href":"https:\/\/www.ecuadoraldia.com.ec\/index.php?rest_route=\/wp\/v2\/posts\/435\/revisions"}],"predecessor-version":[{"id":437,"href":"https:\/\/www.ecuadoraldia.com.ec\/index.php?rest_route=\/wp\/v2\/posts\/435\/revisions\/437"}],"wp:attachment":[{"href":"https:\/\/www.ecuadoraldia.com.ec\/index.php?rest_route=%2Fwp%2Fv2%2Fmedia&parent=435"}],"wp:term":[{"taxonomy":"category","embeddable":true,"href":"https:\/\/www.ecuadoraldia.com.ec\/index.php?rest_route=%2Fwp%2Fv2%2Fcategories&post=435"},{"taxonomy":"post_tag","embeddable":true,"href":"https:\/\/www.ecuadoraldia.com.ec\/index.php?rest_route=%2Fwp%2Fv2%2Ftags&post=435"}],"curies":[{"name":"wp","href":"https:\/\/api.w.org\/{rel}","templated":true}]}}