{"id":4354,"date":"2014-08-15T21:58:57","date_gmt":"2014-08-15T21:58:57","guid":{"rendered":"http:\/\/www.ecuadoraldia.com.ec\/?p=4354"},"modified":"2014-08-15T21:58:57","modified_gmt":"2014-08-15T21:58:57","slug":"adultos-mayores-de-quitumbe-se-reunieron-con-presidenta-del-patronato-municipal","status":"publish","type":"post","link":"https:\/\/www.ecuadoraldia.com.ec\/?p=4354","title":{"rendered":"Adultos mayores de Quitumbe, se reunieron con Presidenta del Patronato Municipal"},"content":{"rendered":"<p><a href=\"http:\/\/www.ecuadoraldia.com.ec\/wp-content\/uploads\/2014\/08\/pao.jpg\"><img loading=\"lazy\" decoding=\"async\" class=\"alignleft size-medium wp-image-4355\" src=\"http:\/\/www.ecuadoraldia.com.ec\/wp-content\/uploads\/2014\/08\/pao-300x200.jpg\" alt=\"SONY DSC\" width=\"300\" height=\"200\" srcset=\"https:\/\/www.ecuadoraldia.com.ec\/wp-content\/uploads\/2014\/08\/pao-300x200.jpg 300w, https:\/\/www.ecuadoraldia.com.ec\/wp-content\/uploads\/2014\/08\/pao.jpg 581w\" sizes=\"(max-width: 300px) 100vw, 300px\" \/><\/a>En la Casa Barrial de la Ciudadela Martha Bucaram, se reunieron mil adultos mayores de 37 puntos del programa 60 y Piquito de la Zona Quitumbe, para conversar con la Presidenta del Patronato Municipal San Jos\u00e9, Mar\u00eda Fernanda Pacheco.<\/p>\n<p>La alegr\u00eda de todos los presentes fue inmensa al compartir con quien les invit\u00f3 a seguir adelante con el programa, \u201cnuestro 60 y Piquito contin\u00faa con toda la fuerza e importancia. Vamos a mejorar para brindarles servicios de calidad, para lo que trabajaremos sin descanso\u201d enfatiz\u00f3 Mar\u00eda Fernanda.<\/p>\n<p>El programa 60 y Piquito incorporar\u00e1 apoyo nutricional para los adultos mayores que lo requieran por sus condiciones de salud; la prevenci\u00f3n de discapacidades es otro de los temas que desde hoy se abordar\u00e1n. As\u00ed mismo, se prev\u00e9 el incremento de presupuesto para las actividades recreativas, que son muy apreciadas por los usuarios y usuarias del programa.<\/p>\n<p>\u201cYo soy manos para trabajar, junto con Mauricio (Rodas) queremos brindarles espacios y actividades que contribuyan a que ustedes tengan un envejecimiento saludable y feliz\u201d, dijo Mar\u00eda Fernanda y destac\u00f3 que \u201cpronto habr\u00e1 noticias respecto a la ordenanza de trabajo digno para nuestros adultos mayores\u201d.<\/p>\n<p>A nombre de los presentes, Teresa Rosero, del punto 60 y Piquito de la Plywood, expres\u00f3 su agradecimiento por la visita de la presidenta del Patronato. \u201cSu mensaje nos hace recobrar la esperanza de so\u00f1ar y de ser visibilizados\u201d, resalt\u00f3 Teresa.<\/p>\n<p>Las reuniones con los usuarios y usuarias de los puntos 60 y Piquito de las restantes zonas, continuar\u00e1n el pr\u00f3ximo 19 de agosto en La Delicia, en el sal\u00f3n protocolario San Lucas, de la Iglesia San Lucas, Calle E y Perimetral, Carcel\u00e9n Bajo, a las 10h00.<\/p>\n","protected":false},"excerpt":{"rendered":"<p>En la Casa Barrial de la Ciudadela Martha Bucaram, se reunieron mil adultos mayores de 37 puntos del programa 60<\/p>\n","protected":false},"author":1,"featured_media":0,"comment_status":"open","ping_status":"open","sticky":false,"template":"","format":"standard","meta":{"footnotes":""},"categories":[14,4],"tags":[],"_links":{"self":[{"href":"https:\/\/www.ecuadoraldia.com.ec\/index.php?rest_route=\/wp\/v2\/posts\/4354"}],"collection":[{"href":"https:\/\/www.ecuadoraldia.com.ec\/index.php?rest_route=\/wp\/v2\/posts"}],"about":[{"href":"https:\/\/www.ecuadoraldia.com.ec\/index.php?rest_route=\/wp\/v2\/types\/post"}],"author":[{"embeddable":true,"href":"https:\/\/www.ecuadoraldia.com.ec\/index.php?rest_route=\/wp\/v2\/users\/1"}],"replies":[{"embeddable":true,"href":"https:\/\/www.ecuadoraldia.com.ec\/index.php?rest_route=%2Fwp%2Fv2%2Fcomments&post=4354"}],"version-history":[{"count":1,"href":"https:\/\/www.ecuadoraldia.com.ec\/index.php?rest_route=\/wp\/v2\/posts\/4354\/revisions"}],"predecessor-version":[{"id":4356,"href":"https:\/\/www.ecuadoraldia.com.ec\/index.php?rest_route=\/wp\/v2\/posts\/4354\/revisions\/4356"}],"wp:attachment":[{"href":"https:\/\/www.ecuadoraldia.com.ec\/index.php?rest_route=%2Fwp%2Fv2%2Fmedia&parent=4354"}],"wp:term":[{"taxonomy":"category","embeddable":true,"href":"https:\/\/www.ecuadoraldia.com.ec\/index.php?rest_route=%2Fwp%2Fv2%2Fcategories&post=4354"},{"taxonomy":"post_tag","embeddable":true,"href":"https:\/\/www.ecuadoraldia.com.ec\/index.php?rest_route=%2Fwp%2Fv2%2Ftags&post=4354"}],"curies":[{"name":"wp","href":"https:\/\/api.w.org\/{rel}","templated":true}]}}