{"id":4357,"date":"2014-08-15T21:59:52","date_gmt":"2014-08-15T21:59:52","guid":{"rendered":"http:\/\/www.ecuadoraldia.com.ec\/?p=4357"},"modified":"2014-08-15T21:59:52","modified_gmt":"2014-08-15T21:59:52","slug":"el-ingreso-sera-gratuito-este-sabado-en-el-museo-de-la-ciudad","status":"publish","type":"post","link":"https:\/\/www.ecuadoraldia.com.ec\/?p=4357","title":{"rendered":"El ingreso ser\u00e1 gratuito este s\u00e1bado en el Museo de la Ciudad"},"content":{"rendered":"<p><a href=\"http:\/\/www.ecuadoraldia.com.ec\/wp-content\/uploads\/2014\/08\/museos.jpg\"><img loading=\"lazy\" decoding=\"async\" class=\"alignleft size-medium wp-image-4358\" src=\"http:\/\/www.ecuadoraldia.com.ec\/wp-content\/uploads\/2014\/08\/museos-300x225.jpg\" alt=\"-museos\" width=\"300\" height=\"225\" srcset=\"https:\/\/www.ecuadoraldia.com.ec\/wp-content\/uploads\/2014\/08\/museos-300x225.jpg 300w, https:\/\/www.ecuadoraldia.com.ec\/wp-content\/uploads\/2014\/08\/museos.jpg 1000w\" sizes=\"(max-width: 300px) 100vw, 300px\" \/><\/a>Este 16 de agosto, grandes y chicos est\u00e1n invitados a disfrutar gratuitamente de las actividades que el Museo de la Ciudad, desarrolla como parte del programa \u201cMuseos Abiertos Quito\u201d (MAQ).A trav\u00e9s de esta actividad los visitantes al Museo de la Ciudad podr\u00e1n ser parte de un recorrido por la memoria y el patrimonio de la ciudad. Una historia que cuanta la vida cotidiana de Quito.<\/p>\n<p>Esta actividad se cumple todos los s\u00e1bados de agosto (salvo el s\u00e1bado 30) hasta las 22H00 (\u00faltimo ingreso a las 21h00). Se recuerda que, debido a los sismos suscitados en la ciudad, los recorridos por el campanario est\u00e1n suspendidos temporalmente por seguridad de los visitantes y el personal del Museo.<\/p>\n<p>El Museo de la Ciudad, est\u00e1 ubicado en la calle: Garc\u00eda Moreno S1-47 y Rocafuerte.<\/p>\n<p>Museos Abiertos Quito, activa dos ejes peatonales con presentaciones musicales y art\u00edsticas en la v\u00eda p\u00fablica. Los negocios alrededor de los dos ejes mantendr\u00e1n tambi\u00e9n sus puertas abiertas en horario extendido.<\/p>\n<p>EJE 1- Calle de las 7 Cruces: Museo de la Ciudad, Museo Casa de Sucre, Museo Numism\u00e1tico, Centro Cultural Metropolitano, Palacio de Carondelet.<\/p>\n<p>EJE 2 \u2013 La Ronda-24 de Mayo:Cumand\u00e1 Parque Urbano, calle La Ronda, Casa de las Artes La Ronda, Bulevar 24 de Mayo.<\/p>\n","protected":false},"excerpt":{"rendered":"<p>Este 16 de agosto, grandes y chicos est\u00e1n invitados a disfrutar gratuitamente de las actividades que el Museo de la<\/p>\n","protected":false},"author":1,"featured_media":0,"comment_status":"open","ping_status":"open","sticky":false,"template":"","format":"standard","meta":{"footnotes":""},"categories":[14],"tags":[],"_links":{"self":[{"href":"https:\/\/www.ecuadoraldia.com.ec\/index.php?rest_route=\/wp\/v2\/posts\/4357"}],"collection":[{"href":"https:\/\/www.ecuadoraldia.com.ec\/index.php?rest_route=\/wp\/v2\/posts"}],"about":[{"href":"https:\/\/www.ecuadoraldia.com.ec\/index.php?rest_route=\/wp\/v2\/types\/post"}],"author":[{"embeddable":true,"href":"https:\/\/www.ecuadoraldia.com.ec\/index.php?rest_route=\/wp\/v2\/users\/1"}],"replies":[{"embeddable":true,"href":"https:\/\/www.ecuadoraldia.com.ec\/index.php?rest_route=%2Fwp%2Fv2%2Fcomments&post=4357"}],"version-history":[{"count":1,"href":"https:\/\/www.ecuadoraldia.com.ec\/index.php?rest_route=\/wp\/v2\/posts\/4357\/revisions"}],"predecessor-version":[{"id":4359,"href":"https:\/\/www.ecuadoraldia.com.ec\/index.php?rest_route=\/wp\/v2\/posts\/4357\/revisions\/4359"}],"wp:attachment":[{"href":"https:\/\/www.ecuadoraldia.com.ec\/index.php?rest_route=%2Fwp%2Fv2%2Fmedia&parent=4357"}],"wp:term":[{"taxonomy":"category","embeddable":true,"href":"https:\/\/www.ecuadoraldia.com.ec\/index.php?rest_route=%2Fwp%2Fv2%2Fcategories&post=4357"},{"taxonomy":"post_tag","embeddable":true,"href":"https:\/\/www.ecuadoraldia.com.ec\/index.php?rest_route=%2Fwp%2Fv2%2Ftags&post=4357"}],"curies":[{"name":"wp","href":"https:\/\/api.w.org\/{rel}","templated":true}]}}