{"id":4360,"date":"2014-08-15T22:02:35","date_gmt":"2014-08-15T22:02:35","guid":{"rendered":"http:\/\/www.ecuadoraldia.com.ec\/?p=4360"},"modified":"2014-08-15T22:03:02","modified_gmt":"2014-08-15T22:03:02","slug":"aneta-y-optica-los-andes-suscribieron-convenio-de-alianza-estrategica-para-fomentar-cultura-vial-en-el-pais","status":"publish","type":"post","link":"https:\/\/www.ecuadoraldia.com.ec\/?p=4360","title":{"rendered":"Aneta y  Optica los Andes suscribieron convenio de alianza estrat\u00e9gica para fomentar cultura vial en el pa\u00eds"},"content":{"rendered":"<p><a href=\"http:\/\/www.ecuadoraldia.com.ec\/wp-content\/uploads\/2014\/08\/aneta.jpg\"><img loading=\"lazy\" decoding=\"async\" class=\"alignleft size-medium wp-image-4361\" src=\"http:\/\/www.ecuadoraldia.com.ec\/wp-content\/uploads\/2014\/08\/aneta-300x169.jpg\" alt=\"SONY DSC\" width=\"300\" height=\"169\" srcset=\"https:\/\/www.ecuadoraldia.com.ec\/wp-content\/uploads\/2014\/08\/aneta-300x169.jpg 300w, https:\/\/www.ecuadoraldia.com.ec\/wp-content\/uploads\/2014\/08\/aneta.jpg 567w\" sizes=\"(max-width: 300px) 100vw, 300px\" \/><\/a>ANETA, en su af\u00e1n de aportar a la sociedad, suscribi\u00f3 un Convenio con \u00d3ptica Los Andes, el mismo que fomentar\u00e1 la concienciaci\u00f3n de los j\u00f3venes para incentivar una Cultura Vial en el Ecuador.<\/p>\n<p>Los problemas visuales no distinguen g\u00e9nero, edad o nivel socio econ\u00f3mico, afecta a todos: j\u00f3venes y viejos, ricos y pobres, hombres, mujeres y ni\u00f1os. Seg\u00fan la Organizaci\u00f3n Mundial de la Salud, se prev\u00e9 que el 30% de la poblaci\u00f3n sufre de problemas visuales, un buen porcentaje de estos casos pueden ser detectados tempranamente, tratados y curados.<\/p>\n<p>Con estos antecedentes, \u00d3ptica Los Andes entregar\u00e1 sin costo a todo estudiante que se inscriba en las Escuelas de Conducci\u00f3n y no pase su evaluaci\u00f3n visual un examen gratuito y descuentos en lunas y armazones, tambi\u00e9n ser\u00e1n capacitados en temas importantes como: La importancia de la vista en la seguridad vial, agudeza visual, visi\u00f3n nocturna, identificaci\u00f3n de colores, factores importantes que deben tener en cuenta para mitigar los siniestros de tr\u00e1nsito. (RP\/Aneta)<\/p>\n<p>&nbsp;<\/p>\n","protected":false},"excerpt":{"rendered":"<p>ANETA, en su af\u00e1n de aportar a la sociedad, suscribi\u00f3 un Convenio con \u00d3ptica Los Andes, el mismo que fomentar\u00e1<\/p>\n","protected":false},"author":1,"featured_media":0,"comment_status":"open","ping_status":"open","sticky":false,"template":"","format":"standard","meta":{"footnotes":""},"categories":[1],"tags":[],"_links":{"self":[{"href":"https:\/\/www.ecuadoraldia.com.ec\/index.php?rest_route=\/wp\/v2\/posts\/4360"}],"collection":[{"href":"https:\/\/www.ecuadoraldia.com.ec\/index.php?rest_route=\/wp\/v2\/posts"}],"about":[{"href":"https:\/\/www.ecuadoraldia.com.ec\/index.php?rest_route=\/wp\/v2\/types\/post"}],"author":[{"embeddable":true,"href":"https:\/\/www.ecuadoraldia.com.ec\/index.php?rest_route=\/wp\/v2\/users\/1"}],"replies":[{"embeddable":true,"href":"https:\/\/www.ecuadoraldia.com.ec\/index.php?rest_route=%2Fwp%2Fv2%2Fcomments&post=4360"}],"version-history":[{"count":2,"href":"https:\/\/www.ecuadoraldia.com.ec\/index.php?rest_route=\/wp\/v2\/posts\/4360\/revisions"}],"predecessor-version":[{"id":4363,"href":"https:\/\/www.ecuadoraldia.com.ec\/index.php?rest_route=\/wp\/v2\/posts\/4360\/revisions\/4363"}],"wp:attachment":[{"href":"https:\/\/www.ecuadoraldia.com.ec\/index.php?rest_route=%2Fwp%2Fv2%2Fmedia&parent=4360"}],"wp:term":[{"taxonomy":"category","embeddable":true,"href":"https:\/\/www.ecuadoraldia.com.ec\/index.php?rest_route=%2Fwp%2Fv2%2Fcategories&post=4360"},{"taxonomy":"post_tag","embeddable":true,"href":"https:\/\/www.ecuadoraldia.com.ec\/index.php?rest_route=%2Fwp%2Fv2%2Ftags&post=4360"}],"curies":[{"name":"wp","href":"https:\/\/api.w.org\/{rel}","templated":true}]}}