{"id":4364,"date":"2014-08-15T22:08:57","date_gmt":"2014-08-15T22:08:57","guid":{"rendered":"http:\/\/www.ecuadoraldia.com.ec\/?p=4364"},"modified":"2014-08-15T22:08:57","modified_gmt":"2014-08-15T22:08:57","slug":"renovado-parque-de-el-palmar-reemplaza-a-sitio-abandonado-e-inseguro","status":"publish","type":"post","link":"https:\/\/www.ecuadoraldia.com.ec\/?p=4364","title":{"rendered":"Renovado parque de El Palmar reemplaza a sitio abandonado e inseguro"},"content":{"rendered":"<p><a href=\"http:\/\/www.ecuadoraldia.com.ec\/wp-content\/uploads\/2014\/08\/rodas.jpg\"><img loading=\"lazy\" decoding=\"async\" class=\"alignleft size-medium wp-image-4365\" src=\"http:\/\/www.ecuadoraldia.com.ec\/wp-content\/uploads\/2014\/08\/rodas-300x200.jpg\" alt=\"rodas\" width=\"300\" height=\"200\" srcset=\"https:\/\/www.ecuadoraldia.com.ec\/wp-content\/uploads\/2014\/08\/rodas-300x200.jpg 300w, https:\/\/www.ecuadoraldia.com.ec\/wp-content\/uploads\/2014\/08\/rodas.jpg 686w\" sizes=\"(max-width: 300px) 100vw, 300px\" \/><\/a>En el sector El Palmar de Solanda, al sur de Quito, un espacio que permaneci\u00f3 abandonado e inseguro, por donde daba miedo transitar, seg\u00fan sus vecinos, tuvo una transformaci\u00f3n de 180 grados.<\/p>\n<p>Ahora es un hermoso parque recreativo, lleno de juegos infantiles, \u00e1reas verdes, jardiner\u00eda e instalaciones deportivas y recreativas. Un lugar colorido que es la entrada occidental al barrio.<\/p>\n<p>Una vez concluida la primera etapa de intervenci\u00f3n, el alcalde Mauricio Rodas puso las obras al servicio de los moradores de este populoso sector y de los barrios aleda\u00f1os. El evento se realiz\u00f3 esta ma\u00f1ana.<\/p>\n<p>El alcalde fue recibido con un colorido y animado baile ofrecido por el grupo 60 y Piquito \u2018Copitos de Nieve\u2019. Luego vinieron las palabras de agradecimiento de la presidenta del sector, Marlene Tip\u00e1n, quien se siente feliz porque despu\u00e9s de tantos a\u00f1os, su clamor fue escuchado. \u2018Esto es un sue\u00f1o hecho realidad\u2019, manifest\u00f3.<\/p>\n<p>El parque est\u00e1 ubicado en la avenida Teniente Hugo Ortiz y Quimiag y forma parte del Programa de Rescate de Espacios P\u00fablicos, impulsado por la administraci\u00f3n municipal. Esta obra beneficia a los barrios El Palmar de Solanda, Rumi\u00f1ahui, El Carmen, Pradera 3, \u00c1lvaro P\u00e9rez, San Francisco y ciudadela El Comercio, principalmente.<\/p>\n<p>\u2018Esto es para ustedes, para que lo disfruten y nos ayuden a cuidarlo. Lo hemos transformado y sacado del abandono en el que lo encontramos. Lo que podemos ver ahora es un parque totalmente cambiado, de calidad, con adecuada infraestructura, digno, como las quite\u00f1as y quite\u00f1os se merecen\u2019, enfatiz\u00f3 Mauricio Rodas.<\/p>\n<p>La fisonom\u00eda de este parque cambi\u00f3 con los trabajos ejecutados a trav\u00e9s de la unidad de Espacio P\u00fablico, que implement\u00f3 nuevas caminer\u00edas, adecent\u00f3 los bordillos, juegos infantiles (columpios, sube y bajas, escalera china, etc), realiz\u00f3 el corte de c\u00e9sped; y, para hacer honor al nombre del barrio, tambi\u00e9n se plantaron varias palmeras Cococumbi, que son de crecimiento r\u00e1pido.<\/p>\n<p>En una segunda etapa, se trabajar\u00e1 en la implementaci\u00f3n de canchas sint\u00e9ticas, iluminaci\u00f3n y mejoramiento de las bater\u00edas sanitarias en la casa comunal.<\/p>\n<p>C\u00e9sar Lutero, morador de la zona, dijo estar muy contento con el mejoramiento de este parque. \u2018Como dice el refr\u00e1n, ver para creer y aqu\u00ed se ve lo que nadie ha hecho por nosotros. Ahora nuestro barrio se ve divino\u2019.<\/p>\n<p>Mientras tanto, Ver\u00f3nica Bonifaz, joven de 18 a\u00f1os de edad, expres\u00f3 que es muy bueno que las ni\u00f1as, ni\u00f1os, j\u00f3venes y adultos mayores cuenten con estas instalaciones \u201cque han transformado la cara de nuestro sector\u201d<\/p>\n","protected":false},"excerpt":{"rendered":"<p>En el sector El Palmar de Solanda, al sur de Quito, un espacio que permaneci\u00f3 abandonado e inseguro, por donde<\/p>\n","protected":false},"author":1,"featured_media":0,"comment_status":"open","ping_status":"open","sticky":false,"template":"","format":"standard","meta":{"footnotes":""},"categories":[14],"tags":[],"_links":{"self":[{"href":"https:\/\/www.ecuadoraldia.com.ec\/index.php?rest_route=\/wp\/v2\/posts\/4364"}],"collection":[{"href":"https:\/\/www.ecuadoraldia.com.ec\/index.php?rest_route=\/wp\/v2\/posts"}],"about":[{"href":"https:\/\/www.ecuadoraldia.com.ec\/index.php?rest_route=\/wp\/v2\/types\/post"}],"author":[{"embeddable":true,"href":"https:\/\/www.ecuadoraldia.com.ec\/index.php?rest_route=\/wp\/v2\/users\/1"}],"replies":[{"embeddable":true,"href":"https:\/\/www.ecuadoraldia.com.ec\/index.php?rest_route=%2Fwp%2Fv2%2Fcomments&post=4364"}],"version-history":[{"count":1,"href":"https:\/\/www.ecuadoraldia.com.ec\/index.php?rest_route=\/wp\/v2\/posts\/4364\/revisions"}],"predecessor-version":[{"id":4366,"href":"https:\/\/www.ecuadoraldia.com.ec\/index.php?rest_route=\/wp\/v2\/posts\/4364\/revisions\/4366"}],"wp:attachment":[{"href":"https:\/\/www.ecuadoraldia.com.ec\/index.php?rest_route=%2Fwp%2Fv2%2Fmedia&parent=4364"}],"wp:term":[{"taxonomy":"category","embeddable":true,"href":"https:\/\/www.ecuadoraldia.com.ec\/index.php?rest_route=%2Fwp%2Fv2%2Fcategories&post=4364"},{"taxonomy":"post_tag","embeddable":true,"href":"https:\/\/www.ecuadoraldia.com.ec\/index.php?rest_route=%2Fwp%2Fv2%2Ftags&post=4364"}],"curies":[{"name":"wp","href":"https:\/\/api.w.org\/{rel}","templated":true}]}}