{"id":4367,"date":"2014-08-15T22:10:07","date_gmt":"2014-08-15T22:10:07","guid":{"rendered":"http:\/\/www.ecuadoraldia.com.ec\/?p=4367"},"modified":"2014-08-15T22:10:07","modified_gmt":"2014-08-15T22:10:07","slug":"cierre-por-tres-horas-del-tunel-oswaldo-guayasamin","status":"publish","type":"post","link":"https:\/\/www.ecuadoraldia.com.ec\/?p=4367","title":{"rendered":"Cierre por tres horas del T\u00fanel Oswaldo Guayasam\u00edn"},"content":{"rendered":"<p><a href=\"http:\/\/www.ecuadoraldia.com.ec\/wp-content\/uploads\/2014\/08\/T\u00fanel-Guayasam\u00edn-1.jpg\"><img loading=\"lazy\" decoding=\"async\" class=\"alignleft size-medium wp-image-4368\" src=\"http:\/\/www.ecuadoraldia.com.ec\/wp-content\/uploads\/2014\/08\/T\u00fanel-Guayasam\u00edn-1-300x167.jpg\" alt=\"T\u00fanel Guayasam\u00edn 1\" width=\"300\" height=\"167\" srcset=\"https:\/\/www.ecuadoraldia.com.ec\/wp-content\/uploads\/2014\/08\/T\u00fanel-Guayasam\u00edn-1-300x167.jpg 300w, https:\/\/www.ecuadoraldia.com.ec\/wp-content\/uploads\/2014\/08\/T\u00fanel-Guayasam\u00edn-1.jpg 686w\" sizes=\"(max-width: 300px) 100vw, 300px\" \/><\/a>A partir de las 22h00 del s\u00e1bado 16 de agosto hasta las 01h00 del domingo 17 de agosto de 2014, se realizar\u00e1 el cierre de la circulaci\u00f3n vehicular en el t\u00fanel Oswaldo Guayasam\u00edn, por trabajos de mantenimiento rutinario, en la avenida Interoce\u00e1nica en el tramo comprendido desde la Plaza Argentina hasta el intercambiador Sim\u00f3n Bol\u00edvar.<\/p>\n<p>En el t\u00fanel se realizar\u00e1n trabajos de mantenimiento preventivo rutinario de las instalaciones exteriores as\u00ed como la revisi\u00f3n del sistema el\u00e9ctrico y electr\u00f3nico.<\/p>\n<p>Los usuarios del t\u00fanel pueden tomar las siguientes rutas alternas de circulaci\u00f3n:<\/p>\n<p>\u2022 Desde Quito hasta el intercambiador de Miravalle: avenida De los Granados y avenida Sim\u00f3n Bol\u00edvar.<br \/>\n\u2022 Por el intercambiador de Miravalle hacia Quito: avenida Sim\u00f3n Bol\u00edvar sentido sur \u2013 norte hasta la avenida De los Granados hacia la avenida Eloy Alfaro.<br \/>\n\u2022 Desde y hacia Quito: V\u00eda De los Conquistadores (camino a Gu\u00e1pulo).<\/p>\n","protected":false},"excerpt":{"rendered":"<p>A partir de las 22h00 del s\u00e1bado 16 de agosto hasta las 01h00 del domingo 17 de agosto de 2014,<\/p>\n","protected":false},"author":1,"featured_media":0,"comment_status":"open","ping_status":"open","sticky":false,"template":"","format":"standard","meta":{"footnotes":""},"categories":[1],"tags":[],"_links":{"self":[{"href":"https:\/\/www.ecuadoraldia.com.ec\/index.php?rest_route=\/wp\/v2\/posts\/4367"}],"collection":[{"href":"https:\/\/www.ecuadoraldia.com.ec\/index.php?rest_route=\/wp\/v2\/posts"}],"about":[{"href":"https:\/\/www.ecuadoraldia.com.ec\/index.php?rest_route=\/wp\/v2\/types\/post"}],"author":[{"embeddable":true,"href":"https:\/\/www.ecuadoraldia.com.ec\/index.php?rest_route=\/wp\/v2\/users\/1"}],"replies":[{"embeddable":true,"href":"https:\/\/www.ecuadoraldia.com.ec\/index.php?rest_route=%2Fwp%2Fv2%2Fcomments&post=4367"}],"version-history":[{"count":1,"href":"https:\/\/www.ecuadoraldia.com.ec\/index.php?rest_route=\/wp\/v2\/posts\/4367\/revisions"}],"predecessor-version":[{"id":4369,"href":"https:\/\/www.ecuadoraldia.com.ec\/index.php?rest_route=\/wp\/v2\/posts\/4367\/revisions\/4369"}],"wp:attachment":[{"href":"https:\/\/www.ecuadoraldia.com.ec\/index.php?rest_route=%2Fwp%2Fv2%2Fmedia&parent=4367"}],"wp:term":[{"taxonomy":"category","embeddable":true,"href":"https:\/\/www.ecuadoraldia.com.ec\/index.php?rest_route=%2Fwp%2Fv2%2Fcategories&post=4367"},{"taxonomy":"post_tag","embeddable":true,"href":"https:\/\/www.ecuadoraldia.com.ec\/index.php?rest_route=%2Fwp%2Fv2%2Ftags&post=4367"}],"curies":[{"name":"wp","href":"https:\/\/api.w.org\/{rel}","templated":true}]}}