{"id":4370,"date":"2014-08-15T22:14:10","date_gmt":"2014-08-15T22:14:10","guid":{"rendered":"http:\/\/www.ecuadoraldia.com.ec\/?p=4370"},"modified":"2014-08-15T22:14:10","modified_gmt":"2014-08-15T22:14:10","slug":"escuela-suramericana-de-defensa-se-fortalece","status":"publish","type":"post","link":"https:\/\/www.ecuadoraldia.com.ec\/?p=4370","title":{"rendered":"Escuela  Suramericana de  Defensa se  fortalece"},"content":{"rendered":"<p><a href=\"http:\/\/www.ecuadoraldia.com.ec\/wp-content\/uploads\/2014\/08\/def.jpg\"><img loading=\"lazy\" decoding=\"async\" class=\"alignleft size-medium wp-image-4371\" src=\"http:\/\/www.ecuadoraldia.com.ec\/wp-content\/uploads\/2014\/08\/def-300x200.jpg\" alt=\"def\" width=\"300\" height=\"200\" srcset=\"https:\/\/www.ecuadoraldia.com.ec\/wp-content\/uploads\/2014\/08\/def-300x200.jpg 300w, https:\/\/www.ecuadoraldia.com.ec\/wp-content\/uploads\/2014\/08\/def.jpg 640w\" sizes=\"(max-width: 300px) 100vw, 300px\" \/><\/a>La ministra de Defensa Nacional, Mar\u00eda Fernanda Espinosa, particip\u00f3 en la X Reuni\u00f3n de Ministras y Ministros de Defensa del Consejo de Defensa Suramericano que se desarrolla en la ciudad colombiana de Cartagena.<\/p>\n<p>Durante su intervenci\u00f3n resalt\u00f3 la aprobaci\u00f3n del estatuto y reglamento de la Escuela Suramericana de Defensa, cuya sede ser\u00e1 Ecuador, y que es un hecho hist\u00f3rico para fortalecer la integraci\u00f3n regional.<\/p>\n<p>En este sentido indic\u00f3 que la Escuela Suramericana de Defensa est\u00e1 concebida como un centro de altos estudios que articule y coordine las iniciativas nacionales y las capacidades instaladas de los Estados Miembros, para la formaci\u00f3n y capacitaci\u00f3n de civiles y militares en materia de defensa y seguridad regional a nivel pol\u00edtico-estrat\u00e9gico.<\/p>\n<p>El acto fue inaugurado por el ministro de Defensa de Colombia, Juan Carlos Pinz\u00f3n, quien ejerce, junto a Surinam, la presidencia pro tempore del CDS UNASUR.<\/p>\n<p>La Ministra de Defensa Nacional agradeci\u00f3 a Colombia por su hospitalidad al recibirlos en la ciudad de Cartagena.<\/p>\n<p>Expres\u00f3 que los pa\u00edses de la regi\u00f3n deben estar atentos y actuar ante las nuevas amenazas como el caso de los fondos buitre en Argentina.<\/p>\n<p>Como segundo punto la Ministra de Defensa del Ecuador resalt\u00f3 que debemos seguir trabajando en la pol\u00edtica de ciberdefensa regional, para tornar nuestras telecomunicaciones m\u00e1s seguras, fortalecer el desarrollo de tecnolog\u00edas regionales y promover la inclusi\u00f3n digital, en un marco de cooperaci\u00f3n institucional y de una firme decisi\u00f3n pol\u00edtica de la regi\u00f3n de combatir esta amenaza.<\/p>\n<p>A la vez destac\u00f3 que existen importantes avances en la propuesta de lineamientos estrat\u00e9gicos de UNASUR, para la construcci\u00f3n progresiva y flexible de una visi\u00f3n compartida de defensa regional e indic\u00f3 que se debe priorizar el trabajo del Consejo en lo que se refiere a la protecci\u00f3n y defensa de los recursos estrat\u00e9gicos de nuestra regi\u00f3n.<\/p>\n<p>Indic\u00f3 la importancia del desarrollo en el campo de la industria y tecnolog\u00eda de la defensa, en la cual se ha implementado el \u201cSistema integrado de informaci\u00f3n sobre industria y tecnolog\u00eda de la defensa\u201d. Resalt\u00f3 que se contin\u00faa con el desarrollo del avi\u00f3n de entrenamiento UNASUR 1.<\/p>\n<p>Para finalizar la Ministra expres\u00f3 su solidaridad ante el uso desproporcionado de la fuerza contra el pueblo Palestino en este sentido indic\u00f3 que: \u201cSon ya miles de v\u00edctimas civiles en una oleada m\u00e1s de agresi\u00f3n a un pueblo de una potencia ocupante. No pod\u00eda dejar de manifestar en este espacio el m\u00e1s en\u00e9rgico rechazo al uso desproporcionado de la fuerza y a los cr\u00edmenes horrendos que deber\u00edan llenar de verg\u00fcenza a toda la humanidad.\u201d<\/p>\n<p>midena.gob.ec<\/p>\n","protected":false},"excerpt":{"rendered":"<p>La ministra de Defensa Nacional, Mar\u00eda Fernanda Espinosa, particip\u00f3 en la X Reuni\u00f3n de Ministras y Ministros de Defensa del<\/p>\n","protected":false},"author":1,"featured_media":0,"comment_status":"open","ping_status":"open","sticky":false,"template":"","format":"standard","meta":{"footnotes":""},"categories":[3],"tags":[],"_links":{"self":[{"href":"https:\/\/www.ecuadoraldia.com.ec\/index.php?rest_route=\/wp\/v2\/posts\/4370"}],"collection":[{"href":"https:\/\/www.ecuadoraldia.com.ec\/index.php?rest_route=\/wp\/v2\/posts"}],"about":[{"href":"https:\/\/www.ecuadoraldia.com.ec\/index.php?rest_route=\/wp\/v2\/types\/post"}],"author":[{"embeddable":true,"href":"https:\/\/www.ecuadoraldia.com.ec\/index.php?rest_route=\/wp\/v2\/users\/1"}],"replies":[{"embeddable":true,"href":"https:\/\/www.ecuadoraldia.com.ec\/index.php?rest_route=%2Fwp%2Fv2%2Fcomments&post=4370"}],"version-history":[{"count":1,"href":"https:\/\/www.ecuadoraldia.com.ec\/index.php?rest_route=\/wp\/v2\/posts\/4370\/revisions"}],"predecessor-version":[{"id":4372,"href":"https:\/\/www.ecuadoraldia.com.ec\/index.php?rest_route=\/wp\/v2\/posts\/4370\/revisions\/4372"}],"wp:attachment":[{"href":"https:\/\/www.ecuadoraldia.com.ec\/index.php?rest_route=%2Fwp%2Fv2%2Fmedia&parent=4370"}],"wp:term":[{"taxonomy":"category","embeddable":true,"href":"https:\/\/www.ecuadoraldia.com.ec\/index.php?rest_route=%2Fwp%2Fv2%2Fcategories&post=4370"},{"taxonomy":"post_tag","embeddable":true,"href":"https:\/\/www.ecuadoraldia.com.ec\/index.php?rest_route=%2Fwp%2Fv2%2Ftags&post=4370"}],"curies":[{"name":"wp","href":"https:\/\/api.w.org\/{rel}","templated":true}]}}