{"id":4373,"date":"2014-08-15T22:17:28","date_gmt":"2014-08-15T22:17:28","guid":{"rendered":"http:\/\/www.ecuadoraldia.com.ec\/?p=4373"},"modified":"2014-08-15T22:17:28","modified_gmt":"2014-08-15T22:17:28","slug":"autoridades-trabajaran-en-alternativas-laborales-para-mineros-de-16-canteras","status":"publish","type":"post","link":"https:\/\/www.ecuadoraldia.com.ec\/?p=4373","title":{"rendered":"Autoridades trabajar\u00e1n en alternativas laborales para mineros de 16 canteras"},"content":{"rendered":"<p><a href=\"http:\/\/www.ecuadoraldia.com.ec\/wp-content\/uploads\/2014\/08\/secretaria-de-riesgos.jpg\"><img loading=\"lazy\" decoding=\"async\" class=\"alignleft size-medium wp-image-4374\" src=\"http:\/\/www.ecuadoraldia.com.ec\/wp-content\/uploads\/2014\/08\/secretaria-de-riesgos-300x191.jpg\" alt=\"secretaria de riesgos\" width=\"300\" height=\"191\" srcset=\"https:\/\/www.ecuadoraldia.com.ec\/wp-content\/uploads\/2014\/08\/secretaria-de-riesgos-300x191.jpg 300w, https:\/\/www.ecuadoraldia.com.ec\/wp-content\/uploads\/2014\/08\/secretaria-de-riesgos.jpg 469w\" sizes=\"(max-width: 300px) 100vw, 300px\" \/><\/a>Javier C\u00f3rdova, viceministro del Interior, inform\u00f3 esta ma\u00f1ana detalles del operativo de suspensi\u00f3n preventiva de las labores de miner\u00eda en Catequilla, luego del sismo de 5,1 que sacudi\u00f3 el martes a la capital.<\/p>\n<p>Destac\u00f3 que hasta el martes se tendr\u00e1 un informe compilado y entonces se definir\u00e1 si la suspensi\u00f3n se mantiene o se levanta.<\/p>\n<p>El funcionario de Estado inform\u00f3 que en el operativo participaron cerca de 800 efectivos militares y policiales. Afirm\u00f3 que las acciones se emprendieron en las zonas de Cangahua y Caspigas\u00ed.<\/p>\n<p>C\u00f3rdova detall\u00f3 que se suspendi\u00f3 la actividad en 27 de las 33 canteras que ten\u00edan registradas en la zona. Explic\u00f3 que las restantes seis no se pudieron ubicar. Consideran que entre ellas algunas ya no estar\u00edan ejerciendo el trabajo.<\/p>\n<p>El viceministro agreg\u00f3 que de las 27 canteras, 11 tendr\u00edan actividades legales y 16 estar\u00edan ejerciendo las labores de manera ilegal.<\/p>\n<p>Esta ma\u00f1ana, seg\u00fan C\u00f3rdova, personal de la Secretar\u00eda de Gesti\u00f3n de Riesgos se reuni\u00f3 con los presidentes de las juntas parroquiales del lugar para realizar un censo de cu\u00e1ntos habitantes estar\u00edan vinculados a esta actividad. Tanto la Secretaria de Gesti\u00f3n de Riesgos como el Ministerio del Interior no conocen en detalle cu\u00e1ntas personas estar\u00edan vinculadas a la labor.<\/p>\n<p>C\u00f3rdova explic\u00f3 que la mesa de Productividad y Atenci\u00f3n Ciudadana buscar\u00e1 alternativas laborales para las personas que trabajaban en la actividad de manera ilegal.<\/p>\n<p>Mar\u00eda del Pilar Cornejo, secretaria de Gesti\u00f3n de Riesgos, inform\u00f3 que gran parte del transporte que recoge el material de las minas no necesariamente se parar\u00eda, \u00abporque hay otras zonas del Distrito Metropolitano de Quito (DMQ) que est\u00e1n siendo explotadas, del cual este grupo de transportistas podr\u00eda estar trabajando\u00bb.<\/p>\n<p>C\u00f3rdova destac\u00f3 que personal de la Secretaria de la Pol\u00edtica, tambi\u00e9n se reuni\u00f3 ayer con los jefes de las juntas parroquiales para brindar una respuesta oportuna. \u00abEvidentemente, las canteras que trabajan de manera ilegal no podr\u00e1n seguir trabajando, pero habr\u00e1 que darles una opci\u00f3n laboral a estas personas, en eso est\u00e1 trabajando la mesa de Productividad y el Ministerio de Inclusi\u00f3n Econ\u00f3mica y Social (MIES) para atender a la ciudadan\u00eda\u00bb, dijo.<\/p>\n<p>Cornejo reiter\u00f3 que la suspensi\u00f3n es preventiva. \u00abAs\u00ed haya agroforester\u00eda, agricultura, ganader\u00eda, es una zona de deslizamientos. Igual hubi\u00e9ramos suspendido esta actividad, en este caso concreto la actividad es minera\u00bb, dijo.<\/p>\n<p>La funcionaria acot\u00f3 que la evaluaci\u00f3n se realiza cuadra por cuadra para saber que nivel de riesgo tienen las viviendas que est\u00e1n en las zonas de influencia de este potencial deslizamiento. \u00abConoceremos cuadra por cuadra qu\u00e9 viviendas podr\u00edan ser afectadas por un deslizamiento y por ende deber\u00eda evacuar la poblaci\u00f3n de estas viviendas\u00bb, manifest\u00f3.<\/p>\n<p>Por ello sostuvo que la revocatoria de la suspensi\u00f3n depender\u00e1 de la evaluaci\u00f3n, y si luego de ella \u00abse determina que no tienen influencia, pero que esta zona se va a deslizar, entonces se deber\u00eda prohibir cualquier actividad\u00bb.<\/p>\n<p>Dijo que si bien se identificaron actividades ilegales, tambi\u00e9n se detectaron concesiones autorizadas, pero trabajando de manera antit\u00e9cnica. \u00abYa posterior a la emergencia, las autoridades pertinentes tendr\u00e1n que actuar con la ley en el tema de estas actividades\u00bb, apunt\u00f3.<\/p>\n<p>\u00abImag\u00ednese usted que sigan explotando canteras de manera antit\u00e9cnica, haya un sismo y caiga esto sobre una casa, entonces, en este momento no queremos tener m\u00e1s v\u00edctimas y mejor es precautelar vidas\u00bb, concluy\u00f3 Cornejo.<\/p>\n","protected":false},"excerpt":{"rendered":"<p>Javier C\u00f3rdova, viceministro del Interior, inform\u00f3 esta ma\u00f1ana detalles del operativo de suspensi\u00f3n preventiva de las labores de miner\u00eda en<\/p>\n","protected":false},"author":1,"featured_media":0,"comment_status":"open","ping_status":"open","sticky":false,"template":"","format":"standard","meta":{"footnotes":""},"categories":[1],"tags":[],"_links":{"self":[{"href":"https:\/\/www.ecuadoraldia.com.ec\/index.php?rest_route=\/wp\/v2\/posts\/4373"}],"collection":[{"href":"https:\/\/www.ecuadoraldia.com.ec\/index.php?rest_route=\/wp\/v2\/posts"}],"about":[{"href":"https:\/\/www.ecuadoraldia.com.ec\/index.php?rest_route=\/wp\/v2\/types\/post"}],"author":[{"embeddable":true,"href":"https:\/\/www.ecuadoraldia.com.ec\/index.php?rest_route=\/wp\/v2\/users\/1"}],"replies":[{"embeddable":true,"href":"https:\/\/www.ecuadoraldia.com.ec\/index.php?rest_route=%2Fwp%2Fv2%2Fcomments&post=4373"}],"version-history":[{"count":1,"href":"https:\/\/www.ecuadoraldia.com.ec\/index.php?rest_route=\/wp\/v2\/posts\/4373\/revisions"}],"predecessor-version":[{"id":4375,"href":"https:\/\/www.ecuadoraldia.com.ec\/index.php?rest_route=\/wp\/v2\/posts\/4373\/revisions\/4375"}],"wp:attachment":[{"href":"https:\/\/www.ecuadoraldia.com.ec\/index.php?rest_route=%2Fwp%2Fv2%2Fmedia&parent=4373"}],"wp:term":[{"taxonomy":"category","embeddable":true,"href":"https:\/\/www.ecuadoraldia.com.ec\/index.php?rest_route=%2Fwp%2Fv2%2Fcategories&post=4373"},{"taxonomy":"post_tag","embeddable":true,"href":"https:\/\/www.ecuadoraldia.com.ec\/index.php?rest_route=%2Fwp%2Fv2%2Ftags&post=4373"}],"curies":[{"name":"wp","href":"https:\/\/api.w.org\/{rel}","templated":true}]}}