{"id":4376,"date":"2014-08-15T22:21:02","date_gmt":"2014-08-15T22:21:02","guid":{"rendered":"http:\/\/www.ecuadoraldia.com.ec\/?p=4376"},"modified":"2014-08-15T22:21:02","modified_gmt":"2014-08-15T22:21:02","slug":"castello-que-sean-los-afiliados-los-decidan-destino-de-sus-ahorros","status":"publish","type":"post","link":"https:\/\/www.ecuadoraldia.com.ec\/?p=4376","title":{"rendered":"Castello: Que sean los afiliados los decidan destino de sus ahorros"},"content":{"rendered":"<p><a href=\"http:\/\/www.ecuadoraldia.com.ec\/wp-content\/uploads\/2014\/08\/cast.jpg\"><img loading=\"lazy\" decoding=\"async\" class=\"alignleft size-medium wp-image-4377\" src=\"http:\/\/www.ecuadoraldia.com.ec\/wp-content\/uploads\/2014\/08\/cast-300x198.jpg\" alt=\"cast\" width=\"300\" height=\"198\" srcset=\"https:\/\/www.ecuadoraldia.com.ec\/wp-content\/uploads\/2014\/08\/cast-300x198.jpg 300w, https:\/\/www.ecuadoraldia.com.ec\/wp-content\/uploads\/2014\/08\/cast.jpg 450w\" sizes=\"(max-width: 300px) 100vw, 300px\" \/><\/a>Los representantes de los 64 fondos previsionales complementarios del pa\u00eds (entre p\u00fablicos y privados) presentar\u00e1n dos propuestas principales en la reuni\u00f3n que mantendr\u00e1n, el pr\u00f3ximo lunes, con el presidente Rafael Correa.<\/p>\n<p>Juan Jos\u00e9 Castell\u00f3, presidente del Fondo de Cesant\u00eda del Magisterio Ecuatoriano (FCME) , detall\u00f3 que entre los temas que se dar\u00e1n a conocer se encuentra un pedido de que los fondos previsionales complementarios sean tratados dentro de la Ley Org\u00e1nica de Seguridad Social.<\/p>\n<p>\u00abLo que nos interesa es que la tem\u00e1tica de que estos fondos no sea tratada en una ley parche ni coyuntural, sino en una Ley Org\u00e1nica sobre la Seguridad Social\u00bb, se\u00f1al\u00f3 Castell\u00f3. A\u00f1adi\u00f3, adem\u00e1s, que solicitar\u00e1n que se defina institucionalmente el rol, atribuciones y responsabilidades de estos fondos.<\/p>\n<p>Como segundo punto pedir\u00e1n que se reconozca la libertad de cada afiliado para escoger d\u00f3nde depositar sus ahorros personales. Es decir, que el aportante elija si su dinero se queda en su fondo o si va al Banco del Instituto Ecuatoriano de Seguridad Social (Biess) para que lo administre. \u00abQue eso sea derecho reconocido en la Ley y no impuesto como obligatorio\u00bb, reiter\u00f3 el funcionario.<\/p>\n<p>Castell\u00f3 agreg\u00f3 que el pr\u00f3ximo lunes 18 explicar\u00e1n al Primer Mandatario que \u00abhay 64 fondos que son 64 realidades distintas. Eso quiere decir que si se establece un mecanismo legal para que pasen al BIESS deber\u00edan ser 64 contratos distintos\u00bb, apunt\u00f3.<\/p>\n<p>Actualmente los 64 fondos previsionales manejan cerca de $ 1.000 millones, de los cuales unos $ 930 millones pretenden ser manejados por el Biess como consta en el proyecto de ley que ingres\u00f3 el 17 de junio a la Comisi\u00f3n de Derechos de los Trabajadores, y el pasado 31 de julio ya se realiz\u00f3 su primer debate en el Pleno de la Asamblea.<\/p>\n<p>Jack Veloz, representante del Fondo de Cesant\u00eda del Banco Nacional de Fomento, se\u00f1al\u00f3 que el di\u00e1logo que entablar\u00e1n con el presidente Correa es abierto a propuestas. No obstante, manifest\u00f3 que en caso de no ser tomados en cuenta podr\u00edan acudir a organismos internacionales como la Organizaci\u00f3n Internacional del Trabajo (OIT). Est\u00e1 previsto que la reuni\u00f3n con el presidente Correa se realice a las 10:00 y los afiliados se concentrar\u00e1n en la Plaza Grande.<\/p>\n","protected":false},"excerpt":{"rendered":"<p>Los representantes de los 64 fondos previsionales complementarios del pa\u00eds (entre p\u00fablicos y privados) presentar\u00e1n dos propuestas principales en la<\/p>\n","protected":false},"author":1,"featured_media":0,"comment_status":"open","ping_status":"open","sticky":false,"template":"","format":"standard","meta":{"footnotes":""},"categories":[1],"tags":[],"_links":{"self":[{"href":"https:\/\/www.ecuadoraldia.com.ec\/index.php?rest_route=\/wp\/v2\/posts\/4376"}],"collection":[{"href":"https:\/\/www.ecuadoraldia.com.ec\/index.php?rest_route=\/wp\/v2\/posts"}],"about":[{"href":"https:\/\/www.ecuadoraldia.com.ec\/index.php?rest_route=\/wp\/v2\/types\/post"}],"author":[{"embeddable":true,"href":"https:\/\/www.ecuadoraldia.com.ec\/index.php?rest_route=\/wp\/v2\/users\/1"}],"replies":[{"embeddable":true,"href":"https:\/\/www.ecuadoraldia.com.ec\/index.php?rest_route=%2Fwp%2Fv2%2Fcomments&post=4376"}],"version-history":[{"count":1,"href":"https:\/\/www.ecuadoraldia.com.ec\/index.php?rest_route=\/wp\/v2\/posts\/4376\/revisions"}],"predecessor-version":[{"id":4378,"href":"https:\/\/www.ecuadoraldia.com.ec\/index.php?rest_route=\/wp\/v2\/posts\/4376\/revisions\/4378"}],"wp:attachment":[{"href":"https:\/\/www.ecuadoraldia.com.ec\/index.php?rest_route=%2Fwp%2Fv2%2Fmedia&parent=4376"}],"wp:term":[{"taxonomy":"category","embeddable":true,"href":"https:\/\/www.ecuadoraldia.com.ec\/index.php?rest_route=%2Fwp%2Fv2%2Fcategories&post=4376"},{"taxonomy":"post_tag","embeddable":true,"href":"https:\/\/www.ecuadoraldia.com.ec\/index.php?rest_route=%2Fwp%2Fv2%2Ftags&post=4376"}],"curies":[{"name":"wp","href":"https:\/\/api.w.org\/{rel}","templated":true}]}}