{"id":4382,"date":"2014-08-16T16:58:47","date_gmt":"2014-08-16T16:58:47","guid":{"rendered":"http:\/\/www.ecuadoraldia.com.ec\/?p=4382"},"modified":"2014-08-16T16:58:47","modified_gmt":"2014-08-16T16:58:47","slug":"un-temblor-de-49-grados-se-sintio-en-quito","status":"publish","type":"post","link":"https:\/\/www.ecuadoraldia.com.ec\/?p=4382","title":{"rendered":"Un temblor de 4,9 grados se sinti\u00f3 en Quito"},"content":{"rendered":"<p><a href=\"http:\/\/www.ecuadoraldia.com.ec\/wp-content\/uploads\/2014\/08\/sismo_intesidad.jpg\"><img loading=\"lazy\" decoding=\"async\" class=\"alignleft size-medium wp-image-4383\" src=\"http:\/\/www.ecuadoraldia.com.ec\/wp-content\/uploads\/2014\/08\/sismo_intesidad-300x203.jpg\" alt=\"sismo_intesidad\" width=\"300\" height=\"203\" srcset=\"https:\/\/www.ecuadoraldia.com.ec\/wp-content\/uploads\/2014\/08\/sismo_intesidad-300x203.jpg 300w, https:\/\/www.ecuadoraldia.com.ec\/wp-content\/uploads\/2014\/08\/sismo_intesidad.jpg 444w\" sizes=\"(max-width: 300px) 100vw, 300px\" \/><\/a>A las 10:08 se registr\u00f3 otro movimiento tel\u00farico, al norte de Quito. Seg\u00fan el Instituto Geof\u00edsico Militar de la Escuela Polit\u00e9cnica Nacional, el sismo tuvo una intensidad de 4,9, en la escala de Richter.<\/p>\n<p>De acuerdo a los reportes registrados en la central de Emergencia del ECU911, se han observado importantes deslizamientos de tierra en las zonas de Oyacoto y en Guayllabamba. Hasta ahora se receptan llamadas que reportan los da\u00f1os por el temblor. Hasta el momento no hay heridos, ni v\u00edctimas fatales.<\/p>\n<p>Hasta ayer, un total de 68 r\u00e9plicas se han reportado en Quito y 5 parroquias aleda\u00f1as el pasado martes. Las \u00faltimas se produjeron este viernes, con una magnitud de 3.7 grados, a las 16:35 y de 1.9 grados a las 17:55.<\/p>\n","protected":false},"excerpt":{"rendered":"<p>A las 10:08 se registr\u00f3 otro movimiento tel\u00farico, al norte de Quito. Seg\u00fan el Instituto Geof\u00edsico Militar de la Escuela<\/p>\n","protected":false},"author":1,"featured_media":0,"comment_status":"open","ping_status":"open","sticky":false,"template":"","format":"standard","meta":{"footnotes":""},"categories":[1],"tags":[],"_links":{"self":[{"href":"https:\/\/www.ecuadoraldia.com.ec\/index.php?rest_route=\/wp\/v2\/posts\/4382"}],"collection":[{"href":"https:\/\/www.ecuadoraldia.com.ec\/index.php?rest_route=\/wp\/v2\/posts"}],"about":[{"href":"https:\/\/www.ecuadoraldia.com.ec\/index.php?rest_route=\/wp\/v2\/types\/post"}],"author":[{"embeddable":true,"href":"https:\/\/www.ecuadoraldia.com.ec\/index.php?rest_route=\/wp\/v2\/users\/1"}],"replies":[{"embeddable":true,"href":"https:\/\/www.ecuadoraldia.com.ec\/index.php?rest_route=%2Fwp%2Fv2%2Fcomments&post=4382"}],"version-history":[{"count":1,"href":"https:\/\/www.ecuadoraldia.com.ec\/index.php?rest_route=\/wp\/v2\/posts\/4382\/revisions"}],"predecessor-version":[{"id":4384,"href":"https:\/\/www.ecuadoraldia.com.ec\/index.php?rest_route=\/wp\/v2\/posts\/4382\/revisions\/4384"}],"wp:attachment":[{"href":"https:\/\/www.ecuadoraldia.com.ec\/index.php?rest_route=%2Fwp%2Fv2%2Fmedia&parent=4382"}],"wp:term":[{"taxonomy":"category","embeddable":true,"href":"https:\/\/www.ecuadoraldia.com.ec\/index.php?rest_route=%2Fwp%2Fv2%2Fcategories&post=4382"},{"taxonomy":"post_tag","embeddable":true,"href":"https:\/\/www.ecuadoraldia.com.ec\/index.php?rest_route=%2Fwp%2Fv2%2Ftags&post=4382"}],"curies":[{"name":"wp","href":"https:\/\/api.w.org\/{rel}","templated":true}]}}