{"id":4395,"date":"2014-08-17T21:14:29","date_gmt":"2014-08-17T21:14:29","guid":{"rendered":"http:\/\/www.ecuadoraldia.com.ec\/?p=4395"},"modified":"2014-08-17T21:14:29","modified_gmt":"2014-08-17T21:14:29","slug":"papa-francisco-llama-hipocritas-a-religiosos-que-viven-como-ricos","status":"publish","type":"post","link":"https:\/\/www.ecuadoraldia.com.ec\/?p=4395","title":{"rendered":"PAPA Francisco llama hip\u00f3critas a religiosos que viven como ricos"},"content":{"rendered":"<p><a href=\"http:\/\/www.ecuadoraldia.com.ec\/wp-content\/uploads\/2014\/08\/ppa.jpg\"><img loading=\"lazy\" decoding=\"async\" class=\"alignleft size-medium wp-image-4396\" src=\"http:\/\/www.ecuadoraldia.com.ec\/wp-content\/uploads\/2014\/08\/ppa-300x168.jpg\" alt=\"ppa\" width=\"300\" height=\"168\" srcset=\"https:\/\/www.ecuadoraldia.com.ec\/wp-content\/uploads\/2014\/08\/ppa-300x168.jpg 300w, https:\/\/www.ecuadoraldia.com.ec\/wp-content\/uploads\/2014\/08\/ppa.jpg 770w\" sizes=\"(max-width: 300px) 100vw, 300px\" \/><\/a>En la tercera jornada de su gira a Corea del Sur, el Pont\u00edfice se mostr\u00f3 molesto con las personas consagradas que no cumplen con su voto de pobreza.<\/p>\n<p>Papa mand\u00f3 un cicl\u00f3n de saludos a San Lorenzo tras ganar la Libertadores<br \/>\nEl Papa Francisco critic\u00f3 este s\u00e1bado la \u00abhipocres\u00eda\u00bb de los religiosos que viven de forma ostentosa y rompi\u00f3 una lanza a favor del celibato en la tercera jornada de su visita a Corea del Sur, iniciada con una multitudinaria misa en Se\u00fal.<\/p>\n<p>El Pont\u00edfice censur\u00f3 \u00abla hipocres\u00eda de los hombres y mujeres consagrados que profesan el voto de pobreza y, sin embargo, viven como ricos\u00bb en su encuentro con 4.000 miembros de las comunidades religiosas surcoreanas en el complejo de Kkottongnae, unos 100 kil\u00f3metros al sur de la capital.<\/p>\n<p>Esta actitud \u00abda\u00f1a el alma de los fieles y perjudica a la Iglesia\u00bb, seg\u00fan Francisco, que advirti\u00f3 al clero de Corea del Sur -un pa\u00eds que ha protagonizado un r\u00e1pido progreso material en las \u00faltimas d\u00e9cadas- del \u00abpeligro que plantea el consumismo sobre la pobreza de la vida religiosa\u00bb.<\/p>\n<p>Sobre la castidad de los religiosos, el Papa expres\u00f3 que todos saben \u00ablo exigente que es y el compromiso personal que comporta\u00bb, y reconoci\u00f3 que existen \u00abtentaciones en este campo\u00bb a las que se debe combatir con \u00abhumilde confianza en Dios, vigilancia y perseverancia\u00bb.<\/p>\n","protected":false},"excerpt":{"rendered":"<p>En la tercera jornada de su gira a Corea del Sur, el Pont\u00edfice se mostr\u00f3 molesto con las personas consagradas<\/p>\n","protected":false},"author":1,"featured_media":0,"comment_status":"open","ping_status":"open","sticky":false,"template":"","format":"standard","meta":{"footnotes":""},"categories":[7],"tags":[],"_links":{"self":[{"href":"https:\/\/www.ecuadoraldia.com.ec\/index.php?rest_route=\/wp\/v2\/posts\/4395"}],"collection":[{"href":"https:\/\/www.ecuadoraldia.com.ec\/index.php?rest_route=\/wp\/v2\/posts"}],"about":[{"href":"https:\/\/www.ecuadoraldia.com.ec\/index.php?rest_route=\/wp\/v2\/types\/post"}],"author":[{"embeddable":true,"href":"https:\/\/www.ecuadoraldia.com.ec\/index.php?rest_route=\/wp\/v2\/users\/1"}],"replies":[{"embeddable":true,"href":"https:\/\/www.ecuadoraldia.com.ec\/index.php?rest_route=%2Fwp%2Fv2%2Fcomments&post=4395"}],"version-history":[{"count":1,"href":"https:\/\/www.ecuadoraldia.com.ec\/index.php?rest_route=\/wp\/v2\/posts\/4395\/revisions"}],"predecessor-version":[{"id":4397,"href":"https:\/\/www.ecuadoraldia.com.ec\/index.php?rest_route=\/wp\/v2\/posts\/4395\/revisions\/4397"}],"wp:attachment":[{"href":"https:\/\/www.ecuadoraldia.com.ec\/index.php?rest_route=%2Fwp%2Fv2%2Fmedia&parent=4395"}],"wp:term":[{"taxonomy":"category","embeddable":true,"href":"https:\/\/www.ecuadoraldia.com.ec\/index.php?rest_route=%2Fwp%2Fv2%2Fcategories&post=4395"},{"taxonomy":"post_tag","embeddable":true,"href":"https:\/\/www.ecuadoraldia.com.ec\/index.php?rest_route=%2Fwp%2Fv2%2Ftags&post=4395"}],"curies":[{"name":"wp","href":"https:\/\/api.w.org\/{rel}","templated":true}]}}