{"id":4398,"date":"2014-08-17T21:17:15","date_gmt":"2014-08-17T21:17:15","guid":{"rendered":"http:\/\/www.ecuadoraldia.com.ec\/?p=4398"},"modified":"2014-08-17T21:17:15","modified_gmt":"2014-08-17T21:17:15","slug":"christina-aguilera-le-hace-la-cruz-a-la-cesarea","status":"publish","type":"post","link":"https:\/\/www.ecuadoraldia.com.ec\/?p=4398","title":{"rendered":"Christina Aguilera le hace la cruz a la ces\u00e1rea"},"content":{"rendered":"<p><a href=\"http:\/\/www.ecuadoraldia.com.ec\/wp-content\/uploads\/2014\/08\/cris-a.jpg\"><img loading=\"lazy\" decoding=\"async\" class=\"alignleft size-medium wp-image-4399\" src=\"http:\/\/www.ecuadoraldia.com.ec\/wp-content\/uploads\/2014\/08\/cris-a-219x300.jpg\" alt=\"cris a\" width=\"219\" height=\"300\" srcset=\"https:\/\/www.ecuadoraldia.com.ec\/wp-content\/uploads\/2014\/08\/cris-a-219x300.jpg 219w, https:\/\/www.ecuadoraldia.com.ec\/wp-content\/uploads\/2014\/08\/cris-a.jpg 360w\" sizes=\"(max-width: 219px) 100vw, 219px\" \/><\/a>Christina Aguilera no quiere volver a pasar por una ces\u00e1rea. As\u00ed lo asegur\u00f3 la int\u00e9rprete junto a su marido, Mateo Rutler. Ya decidieron que la ni\u00f1a que ambos esperan nacer\u00e1 por parto natural. La experiencia de su primer embarazo habr\u00eda provocado el rechazo de la cantante por lo que opt\u00f3 por una alternativa natural.<\/p>\n<p>Christina Aguilera da a luz a su segundo hijo La ni\u00f1a nacida el s\u00e1bado en la ciudad de Los Angeles es el primer hijo de la cantante con su actual pareja Matt Rutler. La<br \/>\nartista es madre adem\u00e1s de un menor de seis a\u00f1os fruto de su anterior matrimonio.<br \/>\nDirector de \u00abRelatos Salvajes\u00bb aclara dichos que provocaron denuncia en su contra Participante de \u00abAmerican Idol\u00bb inicia tratamiento psiqui\u00e1trico tras publicar nota suicida Vocalista de Coldplay habr\u00eda iniciado romance con la ganadora del Oscar Jennifer Lawrence Abren al p\u00fablico casa de la infancia del m\u00fasico estadounidense Johnny Cash Ver m\u00e1s Gente<br \/>\nSANTIAGO.- Christina Aguilera dio a luz a una ni\u00f1a este s\u00e1bado 16 de agosto, el segundo hijo de la cantante y el primero con su actual pareja Matt Rutler.<\/p>\n<p>La hija de la interprete de \u00abFighter\u00bb habr\u00eda nacido a trav\u00e9s de una ces\u00e1rea en el centro m\u00e9dico Cedars-Sinai en Los Angeles, de acuerdo a lo consignado por US Weekly.<\/p>\n<p>La artista de 33 a\u00f1os se comprometi\u00f3 con Rutler el pasado mes de febrero, si bien a\u00fan no han dado a conocer la fecha en que se efectuar\u00e1 la boda.<\/p>\n<p>La recien nacida es la segunda hija de Aguilera qui\u00e9n adem\u00e1s tiene a un ni\u00f1o de seis a\u00f1os con su ex marido, el productor musical Jordan Bratman, de quien se divorci\u00f3 en 2011.<\/p>\n","protected":false},"excerpt":{"rendered":"<p>Christina Aguilera no quiere volver a pasar por una ces\u00e1rea. As\u00ed lo asegur\u00f3 la int\u00e9rprete junto a su marido, Mateo<\/p>\n","protected":false},"author":1,"featured_media":0,"comment_status":"open","ping_status":"open","sticky":false,"template":"","format":"standard","meta":{"footnotes":""},"categories":[1],"tags":[],"_links":{"self":[{"href":"https:\/\/www.ecuadoraldia.com.ec\/index.php?rest_route=\/wp\/v2\/posts\/4398"}],"collection":[{"href":"https:\/\/www.ecuadoraldia.com.ec\/index.php?rest_route=\/wp\/v2\/posts"}],"about":[{"href":"https:\/\/www.ecuadoraldia.com.ec\/index.php?rest_route=\/wp\/v2\/types\/post"}],"author":[{"embeddable":true,"href":"https:\/\/www.ecuadoraldia.com.ec\/index.php?rest_route=\/wp\/v2\/users\/1"}],"replies":[{"embeddable":true,"href":"https:\/\/www.ecuadoraldia.com.ec\/index.php?rest_route=%2Fwp%2Fv2%2Fcomments&post=4398"}],"version-history":[{"count":1,"href":"https:\/\/www.ecuadoraldia.com.ec\/index.php?rest_route=\/wp\/v2\/posts\/4398\/revisions"}],"predecessor-version":[{"id":4400,"href":"https:\/\/www.ecuadoraldia.com.ec\/index.php?rest_route=\/wp\/v2\/posts\/4398\/revisions\/4400"}],"wp:attachment":[{"href":"https:\/\/www.ecuadoraldia.com.ec\/index.php?rest_route=%2Fwp%2Fv2%2Fmedia&parent=4398"}],"wp:term":[{"taxonomy":"category","embeddable":true,"href":"https:\/\/www.ecuadoraldia.com.ec\/index.php?rest_route=%2Fwp%2Fv2%2Fcategories&post=4398"},{"taxonomy":"post_tag","embeddable":true,"href":"https:\/\/www.ecuadoraldia.com.ec\/index.php?rest_route=%2Fwp%2Fv2%2Ftags&post=4398"}],"curies":[{"name":"wp","href":"https:\/\/api.w.org\/{rel}","templated":true}]}}