{"id":44,"date":"2013-04-18T01:56:10","date_gmt":"2013-04-18T01:56:10","guid":{"rendered":"http:\/\/www.ecuadoraldia.com.ec\/?p=44"},"modified":"2013-04-18T01:56:10","modified_gmt":"2013-04-18T01:56:10","slug":"ecuador-y-alemania-firmaron-acuerdos-para-formacion-de-estudiantes-ecuatorianos","status":"publish","type":"post","link":"https:\/\/www.ecuadoraldia.com.ec\/?p=44","title":{"rendered":"Ecuador y  Alemania  firmaron acuerdos para formaci\u00f3n de  estudiantes ecuatorianos"},"content":{"rendered":"<p><a href=\"http:\/\/www.ecuadoraldia.com.ec\/wp-content\/uploads\/2013\/04\/alemania-ecuador.jpg\"><img loading=\"lazy\" decoding=\"async\" class=\"alignleft size-medium wp-image-45\" alt=\"alemania-ecuador\" src=\"http:\/\/www.ecuadoraldia.com.ec\/wp-content\/uploads\/2013\/04\/alemania-ecuador-300x229.jpg\" width=\"300\" height=\"229\" srcset=\"https:\/\/www.ecuadoraldia.com.ec\/wp-content\/uploads\/2013\/04\/alemania-ecuador-300x229.jpg 300w, https:\/\/www.ecuadoraldia.com.ec\/wp-content\/uploads\/2013\/04\/alemania-ecuador.jpg 426w\" sizes=\"(max-width: 300px) 100vw, 300px\" \/><\/a>Quito, 17 abr (Andes).- Tres instrumentos de entendimiento para el fortalecimiento del talento humano, el intercambio cient\u00edfico y la transferencia tecnol\u00f3gica en la educaci\u00f3n superior ecuatoriana, concret\u00f3 con el Gobierno Alem\u00e1n, el titular de la Secretar\u00eda Nacional de Educaci\u00f3n Superior, Ciencia, Tecnolog\u00eda e Innovaci\u00f3n (Senescyt), Ren\u00e9 Ram\u00edrez.<\/p>\n<p>\u201cEstamos viviendo otros tiempos en el Ecuador; hemos iniciado una intensiva reforma universitaria. Ahora intensificamos nuestra apuesta por el talento humano, con becas que no tienen l\u00edmite presupuestario. Otro ambicioso objetivo es la reconversi\u00f3n de los institutos t\u00e9cnicos y tecnol\u00f3gicos, y en esa materia, Alemania es l\u00edder\u201d, manifest\u00f3 Ram\u00edrez.<\/p>\n<p>El titular de la Senescyt dio estas declaraciones durante la firma de un convenio con la C\u00e1mara de Comercio e Industrias alemana para el dise\u00f1o de mallas curriculares con tres gigantes alemanas de la Mec\u00e1nica Industrial, la Electr\u00f3nica y la imprenta offset.<\/p>\n<p>Tras el convenio con la C\u00e1mara de Comercio alemana, Ram\u00edrez se dirigi\u00f3 a la embajada ecuatoriana para concretar la firma de una carta de intenci\u00f3n con el Servicio de Expertos Senior alem\u00e1n, que cuenta con m\u00e1s de 10.000 especialistas en \u00e1reas t\u00e9cnicas y tecnol\u00f3gicas. Este acuerdo sirve principalmente a los objetivos del programa Prometeo.<\/p>\n<p>Luego mantuvo encuentros con el Ministerio Federal de Cooperaci\u00f3n Econ\u00f3mica y Desarrollo para ampliar su cooperaci\u00f3n que actualmente se concentra en ambiente y modernizaci\u00f3n del Estado, hacia el \u00e1rea del conocimiento. Sus responsables manifestaron su benepl\u00e1cito y reiteraron en el calificativo -por estos proyectos- al Ecuador, como el \u201cjaguar de Sudam\u00e9rica\u201d.<\/p>\n<p>De su parte, la secretaria general del Servicio Alem\u00e1n de Intercambio Acad\u00e9mico, Dorotea R\u00fcland, destac\u00f3 del Ecuador \u201csu amplia visi\u00f3n\u201d, una vez que conoci\u00f3 de los procesos de transformaci\u00f3n de la Educaci\u00f3n. Anunci\u00f3 que lo m\u00e1s seguro ser\u00e1 un convenio de cooperaci\u00f3n marco que permita intercambio acad\u00e9mico, env\u00edo de Prometeos, pol\u00edtica de becas y fortalecimiento de redes de investigaci\u00f3n.<\/p>\n<p>Asimismo, el presidente de la Universidad de Berl\u00edn, Jorg Steinbach, agradeci\u00f3 al gobierno ecuatoriano por confiar en su experiencia para continuar fortaleciendo el sistema de Educaci\u00f3n Superior ecuatoriano. Dijo confiar en una amplia agenda acad\u00e9mica con esta naci\u00f3n latinoamericana.<\/p>\n","protected":false},"excerpt":{"rendered":"<p>Quito, 17 abr (Andes).- Tres instrumentos de entendimiento para el fortalecimiento del talento humano, el intercambio cient\u00edfico y la transferencia<\/p>\n","protected":false},"author":1,"featured_media":0,"comment_status":"open","ping_status":"open","sticky":false,"template":"","format":"standard","meta":{"footnotes":""},"categories":[4],"tags":[],"_links":{"self":[{"href":"https:\/\/www.ecuadoraldia.com.ec\/index.php?rest_route=\/wp\/v2\/posts\/44"}],"collection":[{"href":"https:\/\/www.ecuadoraldia.com.ec\/index.php?rest_route=\/wp\/v2\/posts"}],"about":[{"href":"https:\/\/www.ecuadoraldia.com.ec\/index.php?rest_route=\/wp\/v2\/types\/post"}],"author":[{"embeddable":true,"href":"https:\/\/www.ecuadoraldia.com.ec\/index.php?rest_route=\/wp\/v2\/users\/1"}],"replies":[{"embeddable":true,"href":"https:\/\/www.ecuadoraldia.com.ec\/index.php?rest_route=%2Fwp%2Fv2%2Fcomments&post=44"}],"version-history":[{"count":2,"href":"https:\/\/www.ecuadoraldia.com.ec\/index.php?rest_route=\/wp\/v2\/posts\/44\/revisions"}],"predecessor-version":[{"id":47,"href":"https:\/\/www.ecuadoraldia.com.ec\/index.php?rest_route=\/wp\/v2\/posts\/44\/revisions\/47"}],"wp:attachment":[{"href":"https:\/\/www.ecuadoraldia.com.ec\/index.php?rest_route=%2Fwp%2Fv2%2Fmedia&parent=44"}],"wp:term":[{"taxonomy":"category","embeddable":true,"href":"https:\/\/www.ecuadoraldia.com.ec\/index.php?rest_route=%2Fwp%2Fv2%2Fcategories&post=44"},{"taxonomy":"post_tag","embeddable":true,"href":"https:\/\/www.ecuadoraldia.com.ec\/index.php?rest_route=%2Fwp%2Fv2%2Ftags&post=44"}],"curies":[{"name":"wp","href":"https:\/\/api.w.org\/{rel}","templated":true}]}}