{"id":4407,"date":"2014-08-17T21:24:47","date_gmt":"2014-08-17T21:24:47","guid":{"rendered":"http:\/\/www.ecuadoraldia.com.ec\/?p=4407"},"modified":"2014-08-17T21:24:47","modified_gmt":"2014-08-17T21:24:47","slug":"del-asilo-politico-a-julian-assange-en-embajada-ecuatoriana-en-londres","status":"publish","type":"post","link":"https:\/\/www.ecuadoraldia.com.ec\/?p=4407","title":{"rendered":"del asilo pol\u00edtico a Julian Assange en embajada ecuatoriana en Londres"},"content":{"rendered":"<p><a href=\"http:\/\/www.ecuadoraldia.com.ec\/wp-content\/uploads\/2014\/08\/asange.jpg\"><img loading=\"lazy\" decoding=\"async\" class=\"alignleft size-medium wp-image-4408\" src=\"http:\/\/www.ecuadoraldia.com.ec\/wp-content\/uploads\/2014\/08\/asange-300x225.jpg\" alt=\"asange\" width=\"300\" height=\"225\" srcset=\"https:\/\/www.ecuadoraldia.com.ec\/wp-content\/uploads\/2014\/08\/asange-300x225.jpg 300w, https:\/\/www.ecuadoraldia.com.ec\/wp-content\/uploads\/2014\/08\/asange.jpg 480w\" sizes=\"(max-width: 300px) 100vw, 300px\" \/><\/a>El canciller ecuatoriano, Ricardo Pati\u00f1o, y el fundador de WikiLeaks, Julian Assange, se reunieron en Londres este fin de semana y ofrecer\u00e1n ma\u00f1ana una rueda de prensa conjunta en ocasi\u00f3n del segundo aniversario del asilo pol\u00edtico que Ecuador otorg\u00f3 al activista.<\/p>\n<p>Pati\u00f1o mantuvo un encuentro con Assange, confinado en la Embajada ecuatoriana en la capital brit\u00e1nica, en el que participaron diversos acad\u00e9micos y activistas que apoyan el papel del australiano \u00aben beneficio de la lucha por las libertades civiles\u00bb, inform\u00f3 el ministerio de Exteriores ecuatoriano.<\/p>\n<p>Dos a\u00f1os despu\u00e9s de concederle protecci\u00f3n diplom\u00e1tica, el 16 de agosto de 2012, Pati\u00f1o reiter\u00f3 su apoyo al activista.<\/p>\n<p>\u00abNuestra decisi\u00f3n es absolutamente s\u00f3lida, es una decisi\u00f3n que se basa en reconocer su valent\u00eda, su decisi\u00f3n y no solamente cuenta con el apoyo de Ecuador sino con el de miles de personas\u00bb, afirm\u00f3 el jefe de la diplomacia ecuatoriana.<\/p>\n<p>Durante su viaje a la capital brit\u00e1nica, Pati\u00f1o tiene previsto asimismo reunirse con representantes de la comunidad ecuatoriana en el Reino Unido para trasladarles las pol\u00edticas que impulsa su Gobierno \u00aben beneficio de los compatriotas en el exterior\u00bb.<\/p>\n","protected":false},"excerpt":{"rendered":"<p>El canciller ecuatoriano, Ricardo Pati\u00f1o, y el fundador de WikiLeaks, Julian Assange, se reunieron en Londres este fin de semana<\/p>\n","protected":false},"author":1,"featured_media":0,"comment_status":"open","ping_status":"open","sticky":false,"template":"","format":"standard","meta":{"footnotes":""},"categories":[3],"tags":[],"_links":{"self":[{"href":"https:\/\/www.ecuadoraldia.com.ec\/index.php?rest_route=\/wp\/v2\/posts\/4407"}],"collection":[{"href":"https:\/\/www.ecuadoraldia.com.ec\/index.php?rest_route=\/wp\/v2\/posts"}],"about":[{"href":"https:\/\/www.ecuadoraldia.com.ec\/index.php?rest_route=\/wp\/v2\/types\/post"}],"author":[{"embeddable":true,"href":"https:\/\/www.ecuadoraldia.com.ec\/index.php?rest_route=\/wp\/v2\/users\/1"}],"replies":[{"embeddable":true,"href":"https:\/\/www.ecuadoraldia.com.ec\/index.php?rest_route=%2Fwp%2Fv2%2Fcomments&post=4407"}],"version-history":[{"count":1,"href":"https:\/\/www.ecuadoraldia.com.ec\/index.php?rest_route=\/wp\/v2\/posts\/4407\/revisions"}],"predecessor-version":[{"id":4409,"href":"https:\/\/www.ecuadoraldia.com.ec\/index.php?rest_route=\/wp\/v2\/posts\/4407\/revisions\/4409"}],"wp:attachment":[{"href":"https:\/\/www.ecuadoraldia.com.ec\/index.php?rest_route=%2Fwp%2Fv2%2Fmedia&parent=4407"}],"wp:term":[{"taxonomy":"category","embeddable":true,"href":"https:\/\/www.ecuadoraldia.com.ec\/index.php?rest_route=%2Fwp%2Fv2%2Fcategories&post=4407"},{"taxonomy":"post_tag","embeddable":true,"href":"https:\/\/www.ecuadoraldia.com.ec\/index.php?rest_route=%2Fwp%2Fv2%2Ftags&post=4407"}],"curies":[{"name":"wp","href":"https:\/\/api.w.org\/{rel}","templated":true}]}}