{"id":441,"date":"2013-07-02T21:24:02","date_gmt":"2013-07-02T21:24:02","guid":{"rendered":"http:\/\/www.ecuadoraldia.com.ec\/?p=441"},"modified":"2013-07-02T21:24:02","modified_gmt":"2013-07-02T21:24:02","slug":"alemania-interesada-en-un-tren-o-metro-interprovincial-en-el-ecuador","status":"publish","type":"post","link":"https:\/\/www.ecuadoraldia.com.ec\/?p=441","title":{"rendered":"Alemania, interesada en un tren o metro interprovincial en el Ecuador"},"content":{"rendered":"<p><a href=\"http:\/\/www.ecuadoraldia.com.ec\/wp-content\/uploads\/2013\/07\/ALEMECU-metrotren.jpg\"><img loading=\"lazy\" decoding=\"async\" class=\"alignleft size-medium wp-image-442\" alt=\"ALEMECU-metrotren\" src=\"http:\/\/www.ecuadoraldia.com.ec\/wp-content\/uploads\/2013\/07\/ALEMECU-metrotren-300x168.jpg\" width=\"300\" height=\"168\" srcset=\"https:\/\/www.ecuadoraldia.com.ec\/wp-content\/uploads\/2013\/07\/ALEMECU-metrotren-300x168.jpg 300w, https:\/\/www.ecuadoraldia.com.ec\/wp-content\/uploads\/2013\/07\/ALEMECU-metrotren.jpg 580w\" sizes=\"(max-width: 300px) 100vw, 300px\" \/><\/a>Ecuador y Alemania signaron este lunes en Quito un memorando de entendimiento para cooperaci\u00f3n en transportes, construcci\u00f3n, desarrollo urbano y vivienda entre el viceministro alem\u00e1n de Transporte, Rainer Bomba y el ministro ecuatoriano de Producci\u00f3n, Richard Espinosa.<\/p>\n<p>El memorando especifica el inter\u00e9s ecuatoriano por aprender de la experiencia alemana en el uso de energ\u00eda fotovoltaica en las \u00e1reas rurales.<\/p>\n<p>Tambi\u00e9n manifiesta el inter\u00e9s de ambos pa\u00edses por avanzar en la gesti\u00f3n de ejecuci\u00f3n del Sistema Integrado de Transportes y en la aplicaci\u00f3n de nuevas tecnolog\u00edas en la construcci\u00f3n de infraestructura, entre otros, del desarrollo del metro\/tren urbano e interprovincial, aeropuertos y puertos.<\/p>\n<p>\u201cEstamos impresionados y satisfechos de todo lo que Ecuador tiene no solo en belleza sino tambi\u00e9n en cifras macroecon\u00f3micas, tienen condiciones extraordinarias para un futuro promisorio no solo en Latinoam\u00e9rica sino a nivel mundial. El Gobierno alem\u00e1n tiene mucho inter\u00e9s en estos campos para aportar al desarrollo de los mismos\u201d, se\u00f1al\u00f3 el viceministro alem\u00e1n de transportes.<\/p>\n<p>El viceministro Bomba, quien visita Ecuador por segunda ocasi\u00f3n, est\u00e1 acompa\u00f1ado de una delegaci\u00f3n de empresarios alemanes, pertenecientes a las industrias de log\u00edstica, ingeniera y tecnolog\u00eda, construcci\u00f3n y desarrollo urbano.(ANDES)<\/p>\n","protected":false},"excerpt":{"rendered":"<p>Ecuador y Alemania signaron este lunes en Quito un memorando de entendimiento para cooperaci\u00f3n en transportes, construcci\u00f3n, desarrollo urbano y<\/p>\n","protected":false},"author":1,"featured_media":0,"comment_status":"open","ping_status":"open","sticky":false,"template":"","format":"standard","meta":{"footnotes":""},"categories":[1],"tags":[],"_links":{"self":[{"href":"https:\/\/www.ecuadoraldia.com.ec\/index.php?rest_route=\/wp\/v2\/posts\/441"}],"collection":[{"href":"https:\/\/www.ecuadoraldia.com.ec\/index.php?rest_route=\/wp\/v2\/posts"}],"about":[{"href":"https:\/\/www.ecuadoraldia.com.ec\/index.php?rest_route=\/wp\/v2\/types\/post"}],"author":[{"embeddable":true,"href":"https:\/\/www.ecuadoraldia.com.ec\/index.php?rest_route=\/wp\/v2\/users\/1"}],"replies":[{"embeddable":true,"href":"https:\/\/www.ecuadoraldia.com.ec\/index.php?rest_route=%2Fwp%2Fv2%2Fcomments&post=441"}],"version-history":[{"count":2,"href":"https:\/\/www.ecuadoraldia.com.ec\/index.php?rest_route=\/wp\/v2\/posts\/441\/revisions"}],"predecessor-version":[{"id":444,"href":"https:\/\/www.ecuadoraldia.com.ec\/index.php?rest_route=\/wp\/v2\/posts\/441\/revisions\/444"}],"wp:attachment":[{"href":"https:\/\/www.ecuadoraldia.com.ec\/index.php?rest_route=%2Fwp%2Fv2%2Fmedia&parent=441"}],"wp:term":[{"taxonomy":"category","embeddable":true,"href":"https:\/\/www.ecuadoraldia.com.ec\/index.php?rest_route=%2Fwp%2Fv2%2Fcategories&post=441"},{"taxonomy":"post_tag","embeddable":true,"href":"https:\/\/www.ecuadoraldia.com.ec\/index.php?rest_route=%2Fwp%2Fv2%2Ftags&post=441"}],"curies":[{"name":"wp","href":"https:\/\/api.w.org\/{rel}","templated":true}]}}