{"id":4410,"date":"2014-08-17T21:27:28","date_gmt":"2014-08-17T21:27:28","guid":{"rendered":"http:\/\/www.ecuadoraldia.com.ec\/?p=4410"},"modified":"2014-08-17T21:27:28","modified_gmt":"2014-08-17T21:27:28","slug":"consejo-de-seguridad-de-la-onu-reanudara-manana-negociaciones-entre-israel-y-palestina","status":"publish","type":"post","link":"https:\/\/www.ecuadoraldia.com.ec\/?p=4410","title":{"rendered":"Consejo de Seguridad de la ONU reanudar\u00e1 ma\u00f1ana negociaciones entre Israel y Palestina"},"content":{"rendered":"<p><a href=\"http:\/\/www.ecuadoraldia.com.ec\/wp-content\/uploads\/2014\/08\/onu.jpg\"><img loading=\"lazy\" decoding=\"async\" class=\"alignleft size-medium wp-image-4411\" src=\"http:\/\/www.ecuadoraldia.com.ec\/wp-content\/uploads\/2014\/08\/onu-300x199.jpg\" alt=\"onu\" width=\"300\" height=\"199\" srcset=\"https:\/\/www.ecuadoraldia.com.ec\/wp-content\/uploads\/2014\/08\/onu-300x199.jpg 300w, https:\/\/www.ecuadoraldia.com.ec\/wp-content\/uploads\/2014\/08\/onu.jpg 630w\" sizes=\"(max-width: 300px) 100vw, 300px\" \/><\/a>El Consejo de Seguridad de la ONU abordar\u00e1 ma\u00f1ana la situaci\u00f3n en Oriente Medio, marcada por la nueva ronda de negociaciones indirectas entre israel\u00edes y palestinos en El Cairo.<\/p>\n<p>El m\u00e1ximo \u00f3rgano de decisi\u00f3n de Naciones Unidas se reunir\u00e1 en abierto a partir de las 10:00 hora local (14:00 GMT) y a continuaci\u00f3n mantendr\u00e1 discusiones a puerta cerrada.<\/p>\n<p>En ambas citas est\u00e1 prevista la presencia del enviado especial de la ONU para Oriente Medio, Robert Serry, uno de los principales mediadores entre israel\u00edes y palestinos.<\/p>\n<p>La reuni\u00f3n del Consejo se producir\u00e1 en paralelo a las nuevas conversaciones que mantienen en El Cairo las dos partes bajo mediaci\u00f3n egipcia.<\/p>\n<p>El objetivo es consolidar el alto el fuego y avanzar en una soluci\u00f3n global a la guerra en Gaza, que ha supuesto la muerte de casi 2.000 palestinos, el 75 % de ellos civiles.<\/p>\n","protected":false},"excerpt":{"rendered":"<p>El Consejo de Seguridad de la ONU abordar\u00e1 ma\u00f1ana la situaci\u00f3n en Oriente Medio, marcada por la nueva ronda de<\/p>\n","protected":false},"author":1,"featured_media":0,"comment_status":"open","ping_status":"open","sticky":false,"template":"","format":"standard","meta":{"footnotes":""},"categories":[7],"tags":[],"_links":{"self":[{"href":"https:\/\/www.ecuadoraldia.com.ec\/index.php?rest_route=\/wp\/v2\/posts\/4410"}],"collection":[{"href":"https:\/\/www.ecuadoraldia.com.ec\/index.php?rest_route=\/wp\/v2\/posts"}],"about":[{"href":"https:\/\/www.ecuadoraldia.com.ec\/index.php?rest_route=\/wp\/v2\/types\/post"}],"author":[{"embeddable":true,"href":"https:\/\/www.ecuadoraldia.com.ec\/index.php?rest_route=\/wp\/v2\/users\/1"}],"replies":[{"embeddable":true,"href":"https:\/\/www.ecuadoraldia.com.ec\/index.php?rest_route=%2Fwp%2Fv2%2Fcomments&post=4410"}],"version-history":[{"count":1,"href":"https:\/\/www.ecuadoraldia.com.ec\/index.php?rest_route=\/wp\/v2\/posts\/4410\/revisions"}],"predecessor-version":[{"id":4412,"href":"https:\/\/www.ecuadoraldia.com.ec\/index.php?rest_route=\/wp\/v2\/posts\/4410\/revisions\/4412"}],"wp:attachment":[{"href":"https:\/\/www.ecuadoraldia.com.ec\/index.php?rest_route=%2Fwp%2Fv2%2Fmedia&parent=4410"}],"wp:term":[{"taxonomy":"category","embeddable":true,"href":"https:\/\/www.ecuadoraldia.com.ec\/index.php?rest_route=%2Fwp%2Fv2%2Fcategories&post=4410"},{"taxonomy":"post_tag","embeddable":true,"href":"https:\/\/www.ecuadoraldia.com.ec\/index.php?rest_route=%2Fwp%2Fv2%2Ftags&post=4410"}],"curies":[{"name":"wp","href":"https:\/\/api.w.org\/{rel}","templated":true}]}}