{"id":4413,"date":"2014-08-17T21:30:22","date_gmt":"2014-08-17T21:30:22","guid":{"rendered":"http:\/\/www.ecuadoraldia.com.ec\/?p=4413"},"modified":"2014-08-17T21:30:22","modified_gmt":"2014-08-17T21:30:22","slug":"canciller-de-palestina-riad-al-malki-agradecio-el-apoyo-de-america-latina","status":"publish","type":"post","link":"https:\/\/www.ecuadoraldia.com.ec\/?p=4413","title":{"rendered":"Canciller de Palestina Riad Al Malki agradeci\u00f3 el apoyo de Am\u00e9rica Latina"},"content":{"rendered":"<p><a href=\"http:\/\/www.ecuadoraldia.com.ec\/wp-content\/uploads\/2014\/08\/al.jpg\"><img loading=\"lazy\" decoding=\"async\" class=\"alignleft size-medium wp-image-4414\" src=\"http:\/\/www.ecuadoraldia.com.ec\/wp-content\/uploads\/2014\/08\/al-300x168.jpg\" alt=\"al\" width=\"300\" height=\"168\" srcset=\"https:\/\/www.ecuadoraldia.com.ec\/wp-content\/uploads\/2014\/08\/al-300x168.jpg 300w, https:\/\/www.ecuadoraldia.com.ec\/wp-content\/uploads\/2014\/08\/al.jpg 450w\" sizes=\"(max-width: 300px) 100vw, 300px\" \/><\/a>En los exteriores de la Embajada israel\u00ed en Quito, grupos que protestan contra la operaci\u00f3n de Israel en la Franja de Gaza recolectaron donaciones para ciudadanos de Gaza.<\/p>\n<p>Durante una entrevista realizada al portal de Rusia Today, el canciller de Palestina Riad Al Malki agradeci\u00f3 el apoyo de Am\u00e9rica Latina al pueblo palestino desde el inicio de la ofensiva sionista de Israel.<\/p>\n<p>Tambi\u00e9n se refiri\u00f3 a los pronunciamientos de Venezuela, Ecuador, Bolivia y Uruguay ante el tema, que desde su perspectiva, representan \u201cun acto de coraje, al levantarse y decir la verdad. Y tomar decisiones para alzar la voz, condenar lo que pas\u00f3 y pedir justicia\u201d.<\/p>\n<p>El diplom\u00e1tico se\u00f1al\u00f3 que \u00abunos quieren ver la verdad y creen hablar desde el coraz\u00f3n y otros se est\u00e1n tapando los ojos porque no quieren ver la verdad, y solamente la niegan\u201d.<\/p>\n<p>De igual forma destac\u00f3 que Palestina obtendr\u00e1 una nueva victoria diplom\u00e1tica sobre Israel por los ataques perpetrados contra la Franja de Gaza.<\/p>\n<p>\u201cNo tenemos la misma capacidad financiera, ni el apoyo de medios de comunicaci\u00f3n. Pero tenemos fe en la justicia y en los amigos que tenemos\u201d consider\u00f3 el funcionario palestino.<\/p>\n<p>Agradeci\u00f3 el papel desempe\u00f1ado por la Comisi\u00f3n delegada de la ONU para investigar los cr\u00edmenes cometidos por Israel en territorio palestino desde el pasado 8 de julio. \u201cEs una forma de exponer las atrocidades cometidas por Israel al pueblo palestino\u201d.<\/p>\n<p>Finalmente destac\u00f3 que \u201cEsa comisi\u00f3n trilateral fue establecida con mucha fe, para ofrecer todo tipo de ayuda a Palestina. Ya sabemos que Israel declar\u00f3 que no va a colaborar con la investigaci\u00f3n. Pero al fin y al cabo tenemos fe de que esa comisi\u00f3n va a llegar a una conclusi\u00f3n y tiene todo el poder para hacerlo\u201d.<\/p>\n<p>Ecuador comprometido con la ayuda humanitaria<\/p>\n<p>Desde el domingo pasado, organizaciones y grupos de apoyo se han comprometido a enviar toda ayuda material posible a los ciudadanos de Gaza.<\/p>\n<p>Esta donaci\u00f3n se prolongar\u00e1 hasta el 25 de agosto para que sea enviada a la Autoridad Nacional Palestina.<\/p>\n<p>El llamado se ha propagado por las redes con la etiqueta #EcuadorConPalestina.<\/p>\n<p><a href=\"http:\/\/www.ecuadoraldia.com.ec\/wp-content\/uploads\/2014\/08\/tp.jpg\"><img loading=\"lazy\" decoding=\"async\" class=\"alignleft size-full wp-image-4415\" src=\"http:\/\/www.ecuadoraldia.com.ec\/wp-content\/uploads\/2014\/08\/tp.jpg\" alt=\"tp\" width=\"48\" height=\"48\" \/><\/a>El canciller Ricardo Pati\u00f1o sigue promoviendo esta iniciativa desde su cuenta.<br \/>\nRicardo Pati\u00f1o Aroca @RicardoPatinoEC<br \/>\nSeguir<br \/>\nCiudadan\u00eda ha entregado aportes generosos para enviar a Gaza.<\/p>\n","protected":false},"excerpt":{"rendered":"<p>En los exteriores de la Embajada israel\u00ed en Quito, grupos que protestan contra la operaci\u00f3n de Israel en la Franja<\/p>\n","protected":false},"author":1,"featured_media":0,"comment_status":"open","ping_status":"open","sticky":false,"template":"","format":"standard","meta":{"footnotes":""},"categories":[1],"tags":[],"_links":{"self":[{"href":"https:\/\/www.ecuadoraldia.com.ec\/index.php?rest_route=\/wp\/v2\/posts\/4413"}],"collection":[{"href":"https:\/\/www.ecuadoraldia.com.ec\/index.php?rest_route=\/wp\/v2\/posts"}],"about":[{"href":"https:\/\/www.ecuadoraldia.com.ec\/index.php?rest_route=\/wp\/v2\/types\/post"}],"author":[{"embeddable":true,"href":"https:\/\/www.ecuadoraldia.com.ec\/index.php?rest_route=\/wp\/v2\/users\/1"}],"replies":[{"embeddable":true,"href":"https:\/\/www.ecuadoraldia.com.ec\/index.php?rest_route=%2Fwp%2Fv2%2Fcomments&post=4413"}],"version-history":[{"count":1,"href":"https:\/\/www.ecuadoraldia.com.ec\/index.php?rest_route=\/wp\/v2\/posts\/4413\/revisions"}],"predecessor-version":[{"id":4416,"href":"https:\/\/www.ecuadoraldia.com.ec\/index.php?rest_route=\/wp\/v2\/posts\/4413\/revisions\/4416"}],"wp:attachment":[{"href":"https:\/\/www.ecuadoraldia.com.ec\/index.php?rest_route=%2Fwp%2Fv2%2Fmedia&parent=4413"}],"wp:term":[{"taxonomy":"category","embeddable":true,"href":"https:\/\/www.ecuadoraldia.com.ec\/index.php?rest_route=%2Fwp%2Fv2%2Fcategories&post=4413"},{"taxonomy":"post_tag","embeddable":true,"href":"https:\/\/www.ecuadoraldia.com.ec\/index.php?rest_route=%2Fwp%2Fv2%2Ftags&post=4413"}],"curies":[{"name":"wp","href":"https:\/\/api.w.org\/{rel}","templated":true}]}}