{"id":4417,"date":"2014-08-17T21:33:47","date_gmt":"2014-08-17T21:33:47","guid":{"rendered":"http:\/\/www.ecuadoraldia.com.ec\/?p=4417"},"modified":"2014-08-17T21:34:56","modified_gmt":"2014-08-17T21:34:56","slug":"correa-se-reune-con-trabajadores-de-las-operadoras-moviles-y-fondos-previsionales","status":"publish","type":"post","link":"https:\/\/www.ecuadoraldia.com.ec\/?p=4417","title":{"rendered":"Correa se re\u00fane con trabajadores de las operadoras m\u00f3viles y fondos previsionales"},"content":{"rendered":"<p><a href=\"http:\/\/www.ecuadoraldia.com.ec\/wp-content\/uploads\/2014\/08\/movi-emp.jpg\"><img loading=\"lazy\" decoding=\"async\" class=\"alignleft size-medium wp-image-4418\" src=\"http:\/\/www.ecuadoraldia.com.ec\/wp-content\/uploads\/2014\/08\/movi-emp-300x200.jpg\" alt=\"movi emp\" width=\"300\" height=\"200\" srcset=\"https:\/\/www.ecuadoraldia.com.ec\/wp-content\/uploads\/2014\/08\/movi-emp-300x200.jpg 300w, https:\/\/www.ecuadoraldia.com.ec\/wp-content\/uploads\/2014\/08\/movi-emp.jpg 494w\" sizes=\"(max-width: 300px) 100vw, 300px\" \/><\/a>El presidente Rafael Correa tiene previsto hoy reunirse con los trabajadores de las operadoras m\u00f3viles y de los fondos previsionales. El encuentro se realizar\u00e1 en el Palacio de Carondelet.<\/p>\n<p>El s\u00e1bado en el enlace ciudadano, Correa dijo que hay descontento de algunas familias, que trabajan en las compa\u00f1\u00edas de celulares y telecomunicaciones por esta decisi\u00f3n.<\/p>\n<p>El Ejecutivo plantea que el 12% de utilidades de operadoras se invierta en obras sociales y que el Banco del Instituto Ecuatoriano de Seguridad Social (BIESS) administre los fondos complementarios.<\/p>\n<p>Se\u00f1al\u00f3 que CNT por ser p\u00fablica no paga utilidades, pero que los salarios de CNT son m\u00e1s altos. \u00abMovistar todav\u00eda paga salarios decentes, pero Claro es un descaro. Todav\u00eda paga $ 340 y el resto, los trabajadores esperan las utilidades y nadie se queja, todo el mundo muy contento. Dijo que el gobierno siempre est\u00e1 abierto al di\u00e1logo.<\/p>\n<p>Correa manifest\u00f3 que \u00abprobablemente cambiemos de medida tal vez fue un error estrat\u00e9gico comenzar por las utilidades de los trabajadores\u00bb.<\/p>\n<p>Sin embargo, anticip\u00f3 que no se puede permitir \u00abque un sector que trabaja con un recurso natural de los ecuatorianos , el espectro radioel\u00e9ctrico, tenga utilidades alrededor de $ 600 millones de d\u00f3lares.<\/p>\n<p>Esas utilidades deben ser mejor repartidas para todo el pueblo ecuatoriano\u00bb.<\/p>\n<p>El Mandatario justific\u00f3 que mientras hay algunos que se quejan que no tendr\u00e1n $ 32.000 de utilidades, sino tan solo $ 8.000 o 10.000, \u00abyo pregunt\u00f3 a los compa\u00f1eros de Paquisha cu\u00e1ndo han recibido un 1 dolar de utlidades, ni siquiera hay se\u00f1al en Paquisha. F\u00edjense la desiguladad, no podemos permitir esa desigualdad\u00bb.<\/p>\n<p>Por ello, el Jefe de Estado agreg\u00f3 que las utilidades son en funci\u00f3n de un recurso. \u00abLo mismo hicimos con petr\u00f3leos y no hubo tanta bulla\u00bb.<\/p>\n<p>Record\u00f3 que el espectro radioel\u00e9ctrico es un recurso natural,\u00bb de car\u00e1cter ilimitado, que constituye un bien de servicio p\u00fablico\u00bb.<\/p>\n<p>Detall\u00f3 que el el servicio de voz y dato, Claro ocupa el 68% del mercado y 63% del espectro radioel\u00e9ctrico. Mientras que Movistar tiene un 29% del mercado y 21% del espectro. Acot\u00f3 que CNT mantiene el 3% del mercado y 16% del espectro.<\/p>\n<p>Solo en Internet, 21% Tiene Movistar; 63% Claro y 16% CNT.<\/p>\n<p>En cuanto a rentabilidad agreg\u00f3 que Claro en 2013 tuvo 155%, mientras que Movistar 59%. En promedio, en 2007, cuando el Estado renegoci\u00f3 el espectro, la rentabilidad sobre patrimonio<br \/>\nfue de 105% para Claro y 47% para Movistar.<\/p>\n<p>Comparando con otros grandes contribuyentes, afirm\u00f3 que Conecel (Claro) tiene un 155%, servicio social y salud un 65% y Otecel 55%, seguido por minas y canteras (petr\u00f3leo) 52% .<\/p>\n<p>Explic\u00f3 que 18% es el promedio mundial de utilidades sobre patrimonio, mientras que Claro tiene el 155%. Agreg\u00f3 que que Conecel tiene 32% en sueldos y 68% en utilidades. \u00ab70% del ingreso del trabajador en 2013 fueron las utilidades y por eso puede tener sueldos bajos en Claro\u00bb, agreg\u00f3.<\/p>\n<p>Mientras que explic\u00f3 que Movistar tiene una cifra razonable de 60% de ingresos por sueldo y 39% por utilidades.<\/p>\n<p>Correa se\u00f1al\u00f3 que se analizar\u00e1 una propuesta de salarios m\u00ednimo por sector, en este caso telecomunicaciones, \u00abreconociendo que es el negocio m\u00e1s rentable del mundo\u00bb.<\/p>\n<p>Afirm\u00f3 que espera que el 12% de utilidades vayan para el pueblo y no solo 4.500 familias.Juan Carlos<\/p>\n<p>Oleas, representante de las operadoras m\u00f3viles, dijo que las medidas que el presidente busca tomar para reducir las rentabilidades afectar\u00e1n directamente a 6.000 familias, que utilizaban ese dinero para maestr\u00edas, vivienda, educaci\u00f3n de los hijos, entre otros gastos.<\/p>\n<p>Sin embargo, Juan Carlos Oleas, representante de las operadoras m\u00f3viles, dijo que esperan que el presidente atienda sus pedidos.<\/p>\n<p>De su lado, Byron Vilela Guagua, relacionador p\u00fablico del Fondo de Cesant\u00eda del Magisterio, se\u00f1al\u00f3 que el 22 y 23 de agosto, los maestros van a realizar una convenci\u00f3n, en donde analizar\u00e1n si se mantiene el fondo, apelando a todas las instancias jur\u00eddicas o si se decide liquidarlo.<\/p>\n","protected":false},"excerpt":{"rendered":"<p>El presidente Rafael Correa tiene previsto hoy reunirse con los trabajadores de las operadoras m\u00f3viles y de los fondos previsionales.<\/p>\n","protected":false},"author":1,"featured_media":0,"comment_status":"open","ping_status":"open","sticky":false,"template":"","format":"standard","meta":{"footnotes":""},"categories":[1],"tags":[],"_links":{"self":[{"href":"https:\/\/www.ecuadoraldia.com.ec\/index.php?rest_route=\/wp\/v2\/posts\/4417"}],"collection":[{"href":"https:\/\/www.ecuadoraldia.com.ec\/index.php?rest_route=\/wp\/v2\/posts"}],"about":[{"href":"https:\/\/www.ecuadoraldia.com.ec\/index.php?rest_route=\/wp\/v2\/types\/post"}],"author":[{"embeddable":true,"href":"https:\/\/www.ecuadoraldia.com.ec\/index.php?rest_route=\/wp\/v2\/users\/1"}],"replies":[{"embeddable":true,"href":"https:\/\/www.ecuadoraldia.com.ec\/index.php?rest_route=%2Fwp%2Fv2%2Fcomments&post=4417"}],"version-history":[{"count":2,"href":"https:\/\/www.ecuadoraldia.com.ec\/index.php?rest_route=\/wp\/v2\/posts\/4417\/revisions"}],"predecessor-version":[{"id":4421,"href":"https:\/\/www.ecuadoraldia.com.ec\/index.php?rest_route=\/wp\/v2\/posts\/4417\/revisions\/4421"}],"wp:attachment":[{"href":"https:\/\/www.ecuadoraldia.com.ec\/index.php?rest_route=%2Fwp%2Fv2%2Fmedia&parent=4417"}],"wp:term":[{"taxonomy":"category","embeddable":true,"href":"https:\/\/www.ecuadoraldia.com.ec\/index.php?rest_route=%2Fwp%2Fv2%2Fcategories&post=4417"},{"taxonomy":"post_tag","embeddable":true,"href":"https:\/\/www.ecuadoraldia.com.ec\/index.php?rest_route=%2Fwp%2Fv2%2Ftags&post=4417"}],"curies":[{"name":"wp","href":"https:\/\/api.w.org\/{rel}","templated":true}]}}