{"id":4422,"date":"2014-08-17T22:28:58","date_gmt":"2014-08-17T22:28:58","guid":{"rendered":"http:\/\/www.ecuadoraldia.com.ec\/?p=4422"},"modified":"2014-08-17T23:50:39","modified_gmt":"2014-08-17T23:50:39","slug":"canciller-patino-visita-a-julian-assange-en-la-embajada-ecuatoriana-en-londres-al-cumplirse-los-dos-anos-de-la-concesion-del-asilo-politico","status":"publish","type":"post","link":"https:\/\/www.ecuadoraldia.com.ec\/?p=4422","title":{"rendered":"Pati\u00f1o visita a Assange en Londres  tras 2  a\u00f1os de asilo pol\u00edtico"},"content":{"rendered":"<p><a href=\"http:\/\/www.ecuadoraldia.com.ec\/wp-content\/uploads\/2014\/08\/Visita-Assange.jpg\"><img loading=\"lazy\" decoding=\"async\" class=\"alignleft size-full wp-image-4423\" src=\"http:\/\/www.ecuadoraldia.com.ec\/wp-content\/uploads\/2014\/08\/Visita-Assange.jpg\" alt=\"Visita-Assange\" width=\"300\" height=\"161\" \/><\/a>Canciller Ricardo Pati\u00f1o visita a Julian Assange en la embajada ecuatoriana en Londres al cumplirse los dos a\u00f1os de la concesi\u00f3n del asilo pol\u00edtico<br \/>\nEl Ministro de Relaciones Exteriores y Movilidad Humana, Ricardo Pati\u00f1o, visit\u00f3 la embajada de Londres en ocasi\u00f3n del segundo aniversario de la concesi\u00f3n del pol\u00edtico a Julian Assange. En el contexto de la visita, el Canciller Pati\u00f1o mantuvo reuniones con Julian Assange y su equipo legal, encabezado por el abogado Baltasar Garz\u00f3n, con el objeto de analizar el contexto pol\u00edtico y legal del caso, y avanzar hacia una soluci\u00f3n pronta y definitiva a la situaci\u00f3n de grave violaci\u00f3n de los derechos humanos del creador del portal WikiLeaks.<br \/>\nDurante estos dos a\u00f1os, a pesar de los continuos ofrecimientos del Ecuador para posibilitar el testimonio de Julian Assange, las autoridades suecas no han procedido con este paso imprescindible para continuar con el caso. Esta situaci\u00f3n redunda en una situaci\u00f3n de incertidumbre e indefensi\u00f3n, no s\u00f3lo de Julian Assange, sino de las mujeres que plantearon sus demandas en Suecia.<\/p>\n<p>\u201cLos procesos no han avanzado, se est\u00e1n violando gravemente los derechos del Julian Assange\u201d, indic\u00f3 el Ministro Ricardo Pati\u00f1o.<\/p>\n<p>En ese sentido, el Gobierno ecuatoriano mantiene la invitaci\u00f3n a que un funcionario de la Fiscal\u00eda sueca pueda tomar las declaraciones directamente del se\u00f1or Assange en la sede diplom\u00e1tica del Ecuador en Londres, o mediante video conferencia, considerando que ambas posibilidades est\u00e1n contempladas de forma expl\u00edcita en la legislaci\u00f3n procesal vigente en Suecia y la Uni\u00f3n Europea.<\/p>\n<p>El pasado 19 de junio, el fundador de Wikileaks en rueda de prensa ofrecida conjuntamente con el Canciller Ricardo Pati\u00f1o a trav\u00e9s de videoconferencia, explic\u00f3 que en estos dos a\u00f1os \u00e9l ha sido perseguido, junto con su familia, en el \u00e1mbito personal e incluso econ\u00f3mico, pues las cuentas de su fundaci\u00f3n han sido bloqueadas en varias partes del mundo. Frente a ello, el Gobierno ecuatoriano ha reiterado que Julian Assange podr\u00e1 permanecer en las dependencias de la Embajada ecuatoriana en Londres el tiempo que sea necesario, hasta que obtenga el salvoconducto que le permita viajar de forma segura al Ecuador.<br \/>\nEn cuanto a la posici\u00f3n del Reino Unido, el Canciller Pati\u00f1o manifest\u00f3, en una entrevista concedida al rotativo ingl\u00e9s The Guardian, que lamenta que la comisi\u00f3n binacional, cuya puesta en marcha fue acordada con el exministro William Hague en septiembre de 2013, a\u00fan no haya iniciado sus trabajos.<\/p>\n","protected":false},"excerpt":{"rendered":"<p>Canciller Ricardo Pati\u00f1o visita a Julian Assange en la embajada ecuatoriana en Londres al cumplirse los dos a\u00f1os de la<\/p>\n","protected":false},"author":1,"featured_media":0,"comment_status":"open","ping_status":"open","sticky":false,"template":"","format":"standard","meta":{"footnotes":""},"categories":[1],"tags":[],"_links":{"self":[{"href":"https:\/\/www.ecuadoraldia.com.ec\/index.php?rest_route=\/wp\/v2\/posts\/4422"}],"collection":[{"href":"https:\/\/www.ecuadoraldia.com.ec\/index.php?rest_route=\/wp\/v2\/posts"}],"about":[{"href":"https:\/\/www.ecuadoraldia.com.ec\/index.php?rest_route=\/wp\/v2\/types\/post"}],"author":[{"embeddable":true,"href":"https:\/\/www.ecuadoraldia.com.ec\/index.php?rest_route=\/wp\/v2\/users\/1"}],"replies":[{"embeddable":true,"href":"https:\/\/www.ecuadoraldia.com.ec\/index.php?rest_route=%2Fwp%2Fv2%2Fcomments&post=4422"}],"version-history":[{"count":3,"href":"https:\/\/www.ecuadoraldia.com.ec\/index.php?rest_route=\/wp\/v2\/posts\/4422\/revisions"}],"predecessor-version":[{"id":4426,"href":"https:\/\/www.ecuadoraldia.com.ec\/index.php?rest_route=\/wp\/v2\/posts\/4422\/revisions\/4426"}],"wp:attachment":[{"href":"https:\/\/www.ecuadoraldia.com.ec\/index.php?rest_route=%2Fwp%2Fv2%2Fmedia&parent=4422"}],"wp:term":[{"taxonomy":"category","embeddable":true,"href":"https:\/\/www.ecuadoraldia.com.ec\/index.php?rest_route=%2Fwp%2Fv2%2Fcategories&post=4422"},{"taxonomy":"post_tag","embeddable":true,"href":"https:\/\/www.ecuadoraldia.com.ec\/index.php?rest_route=%2Fwp%2Fv2%2Ftags&post=4422"}],"curies":[{"name":"wp","href":"https:\/\/api.w.org\/{rel}","templated":true}]}}