{"id":4430,"date":"2014-08-18T12:22:56","date_gmt":"2014-08-18T12:22:56","guid":{"rendered":"http:\/\/www.ecuadoraldia.com.ec\/?p=4430"},"modified":"2014-08-18T12:22:56","modified_gmt":"2014-08-18T12:22:56","slug":"rafael-correa-expondra-en-guatemala-modelo-economico-ecuatoriano","status":"publish","type":"post","link":"https:\/\/www.ecuadoraldia.com.ec\/?p=4430","title":{"rendered":"Rafael Correa expondr\u00e1 en Guatemala modelo econ\u00f3mico ecuatoriano"},"content":{"rendered":"<p><a href=\"http:\/\/www.ecuadoraldia.com.ec\/wp-content\/uploads\/2014\/08\/correa-movi1.jpg\"><img loading=\"lazy\" decoding=\"async\" class=\"alignleft size-full wp-image-4431\" src=\"http:\/\/www.ecuadoraldia.com.ec\/wp-content\/uploads\/2014\/08\/correa-movi1.jpg\" alt=\"correa-movi\" width=\"150\" height=\"150\" \/><\/a>El presidente de Ecuador, Rafael Correa, participar\u00e1 el martes pr\u00f3ximo en el V Foro Esquipulas, en Guatemala, en el que expondr\u00e1 los avances del modelo de desarrollo econ\u00f3mico ecuatoriano, inform\u00f3 este domingo el gobierno.<\/p>\n<p>El mandatario partir\u00e1 el lunes al pa\u00eds centroamericano, donde ser\u00e1 el orador principal del evento denominado \u00abHacia un nuevo modelo de desarrollo econ\u00f3mico y social: por una regi\u00f3n de paz, integrada, incluyente, equitativa y democr\u00e1tica\u00bb.<\/p>\n<p>En este foro participar\u00e1n ex presidentes y ex gobernantes latinoamericanos como el colombiano Ernesto Samper, el boliviano Carlos Mesa, el paraguayo Juan Carlos Wasmosy, el uruguayo Luis Alberto Lacalle, el dominicano Leonel Fern\u00e1ndez y el hondure\u00f1o Porfirio Lobo.<\/p>\n<p>La informaci\u00f3n difundida por la agencia estatal Andes menciona que otro de los temas sobre los que hablar\u00e1 el mandatario ecuatoriano ser\u00e1 el problema mundial de las drogas.<\/p>\n<p>El fundador del Foro Esquipulas, el ex presidente de Guatemala Vinicio Cerezo, se\u00f1al\u00f3 que Correa ha sido invitado por \u00abel \u00e9xito del modelo econ\u00f3mico impulsado en los seis a\u00f1os de su gobierno\u00bb, registra la informaci\u00f3n gubernamental.<\/p>\n","protected":false},"excerpt":{"rendered":"<p>El presidente de Ecuador, Rafael Correa, participar\u00e1 el martes pr\u00f3ximo en el V Foro Esquipulas, en Guatemala, en el que<\/p>\n","protected":false},"author":1,"featured_media":0,"comment_status":"open","ping_status":"open","sticky":false,"template":"","format":"standard","meta":{"footnotes":""},"categories":[1],"tags":[],"_links":{"self":[{"href":"https:\/\/www.ecuadoraldia.com.ec\/index.php?rest_route=\/wp\/v2\/posts\/4430"}],"collection":[{"href":"https:\/\/www.ecuadoraldia.com.ec\/index.php?rest_route=\/wp\/v2\/posts"}],"about":[{"href":"https:\/\/www.ecuadoraldia.com.ec\/index.php?rest_route=\/wp\/v2\/types\/post"}],"author":[{"embeddable":true,"href":"https:\/\/www.ecuadoraldia.com.ec\/index.php?rest_route=\/wp\/v2\/users\/1"}],"replies":[{"embeddable":true,"href":"https:\/\/www.ecuadoraldia.com.ec\/index.php?rest_route=%2Fwp%2Fv2%2Fcomments&post=4430"}],"version-history":[{"count":1,"href":"https:\/\/www.ecuadoraldia.com.ec\/index.php?rest_route=\/wp\/v2\/posts\/4430\/revisions"}],"predecessor-version":[{"id":4432,"href":"https:\/\/www.ecuadoraldia.com.ec\/index.php?rest_route=\/wp\/v2\/posts\/4430\/revisions\/4432"}],"wp:attachment":[{"href":"https:\/\/www.ecuadoraldia.com.ec\/index.php?rest_route=%2Fwp%2Fv2%2Fmedia&parent=4430"}],"wp:term":[{"taxonomy":"category","embeddable":true,"href":"https:\/\/www.ecuadoraldia.com.ec\/index.php?rest_route=%2Fwp%2Fv2%2Fcategories&post=4430"},{"taxonomy":"post_tag","embeddable":true,"href":"https:\/\/www.ecuadoraldia.com.ec\/index.php?rest_route=%2Fwp%2Fv2%2Ftags&post=4430"}],"curies":[{"name":"wp","href":"https:\/\/api.w.org\/{rel}","templated":true}]}}