{"id":4433,"date":"2014-08-18T12:25:09","date_gmt":"2014-08-18T12:25:09","guid":{"rendered":"http:\/\/www.ecuadoraldia.com.ec\/?p=4433"},"modified":"2014-08-18T12:36:53","modified_gmt":"2014-08-18T12:36:53","slug":"tres-sectores-esperaban-que-correa-acogiera-propuestas","status":"publish","type":"post","link":"https:\/\/www.ecuadoraldia.com.ec\/?p=4433","title":{"rendered":"Tres sectores esperaban que Correa acogiera propuestas"},"content":{"rendered":"<p><a href=\"http:\/\/www.ecuadoraldia.com.ec\/wp-content\/uploads\/2014\/08\/r-cm1.jpg\"><img loading=\"lazy\" decoding=\"async\" class=\"alignleft size-medium wp-image-4442\" src=\"http:\/\/www.ecuadoraldia.com.ec\/wp-content\/uploads\/2014\/08\/r-cm1-300x198.jpg\" alt=\"r cm\" width=\"300\" height=\"198\" srcset=\"https:\/\/www.ecuadoraldia.com.ec\/wp-content\/uploads\/2014\/08\/r-cm1-300x198.jpg 300w, https:\/\/www.ecuadoraldia.com.ec\/wp-content\/uploads\/2014\/08\/r-cm1.jpg 450w\" sizes=\"(max-width: 300px) 100vw, 300px\" \/><\/a>Tres sectores, que se sienten afectados por las medidas que el Gobierno quiere tomar a trav\u00e9s de la aprobaci\u00f3n de nuevas leyes con el voto de su mayor\u00eda en la Asamblea, iniciaron reuniones con el ejecutivo a partir de las 18:30 de ayer en Carondelet.<\/p>\n<p>El presidente Rafael Correa cambi\u00f3 las citas agendadas para hoy porque viajar\u00e1 a Guatemala para participar en el foro: \u2018Hacia un nuevo modelo de desarrollo econ\u00f3mico y social: por una regi\u00f3n en paz, integrada, incluyente, equitativa y democr\u00e1tica\u2019.<\/p>\n<p>Una delegaci\u00f3n de seis funcionarios de las telef\u00f3nicas Claro y Movistar fueron los primeros en ser atendidos, no dieron declaraciones a su ingreso y hasta el cierre de esta edici\u00f3n dialogaban con Correa; la presidenta de la Asamblea, Gabriela Rivadeneira; y los ministros de Sectores Estrat\u00e9gicos, Rafael Poveda, y Relaciones Laborales, Carlos Marx Carrasco.<\/p>\n<p>Est\u00e1n en desacuerdo con la reforma a la Ley de Telecomunicaciones que busca bajar del 15 % al 3 % sus utilidades (el 12 % pasar\u00eda al Estado).<\/p>\n<p>Los administradores de los fondos previsionales acudieron a la reuni\u00f3n para pedirle a Correa que no se apruebe el proyecto de Ley Reformatoria a las leyes de Seguridad Social y del Banco del IESS (Biess) \u2013tramitado por la Comisi\u00f3n de los Derechos de los Trabajadores de la Asamblea\u2013 que intenta traspasar el manejo de cerca de $ 930 millones al Biess.<\/p>\n<p>El tr\u00e1mite de este proyecto est\u00e1 pendiente para segundo debate. La Comisi\u00f3n se reunir\u00e1 esta semana para iniciar la elaboraci\u00f3n del informe. Seg\u00fan la Ley de la Funci\u00f3n Legislativa, tienen un plazo de 45 d\u00edas para hacerlo, pero antes de salir al receso, Rivadeneira dijo que la aprobaci\u00f3n del proyecto se dar\u00eda hasta finales de este mes.<\/p>\n<p>Juan Jos\u00e9 Castell\u00f3, representante del Fondo de Cesant\u00eda del Magisterio, ten\u00eda previsto reunirse con Correa a las 20:00 de ayer. Lleg\u00f3 puntual y dijo estar confiado en el di\u00e1logo con el mandatario, que dispon\u00eda de informaci\u00f3n contundente e hist\u00f3rica que demostraba que el Fondo del Magisterio no manej\u00f3 recursos del Estado.<\/p>\n<p>Antes de la reuni\u00f3n con los maestros ingresaron al Palacio el ministro de Educaci\u00f3n, Augusto Espinosa, y el Superintendente de Bancos y Seguros, Pedro Solines.<\/p>\n<p>Correa tambi\u00e9n anunci\u00f3 una reuni\u00f3n con un grupo de banqueros para hablar del C\u00f3digo Org\u00e1nico Monetario y Financiero, cuyo veto parcial ser\u00e1 enviado en esta semana al pleno.<\/p>\n","protected":false},"excerpt":{"rendered":"<p>Tres sectores, que se sienten afectados por las medidas que el Gobierno quiere tomar a trav\u00e9s de la aprobaci\u00f3n de<\/p>\n","protected":false},"author":1,"featured_media":0,"comment_status":"open","ping_status":"open","sticky":false,"template":"","format":"standard","meta":{"footnotes":""},"categories":[4],"tags":[],"_links":{"self":[{"href":"https:\/\/www.ecuadoraldia.com.ec\/index.php?rest_route=\/wp\/v2\/posts\/4433"}],"collection":[{"href":"https:\/\/www.ecuadoraldia.com.ec\/index.php?rest_route=\/wp\/v2\/posts"}],"about":[{"href":"https:\/\/www.ecuadoraldia.com.ec\/index.php?rest_route=\/wp\/v2\/types\/post"}],"author":[{"embeddable":true,"href":"https:\/\/www.ecuadoraldia.com.ec\/index.php?rest_route=\/wp\/v2\/users\/1"}],"replies":[{"embeddable":true,"href":"https:\/\/www.ecuadoraldia.com.ec\/index.php?rest_route=%2Fwp%2Fv2%2Fcomments&post=4433"}],"version-history":[{"count":2,"href":"https:\/\/www.ecuadoraldia.com.ec\/index.php?rest_route=\/wp\/v2\/posts\/4433\/revisions"}],"predecessor-version":[{"id":4443,"href":"https:\/\/www.ecuadoraldia.com.ec\/index.php?rest_route=\/wp\/v2\/posts\/4433\/revisions\/4443"}],"wp:attachment":[{"href":"https:\/\/www.ecuadoraldia.com.ec\/index.php?rest_route=%2Fwp%2Fv2%2Fmedia&parent=4433"}],"wp:term":[{"taxonomy":"category","embeddable":true,"href":"https:\/\/www.ecuadoraldia.com.ec\/index.php?rest_route=%2Fwp%2Fv2%2Fcategories&post=4433"},{"taxonomy":"post_tag","embeddable":true,"href":"https:\/\/www.ecuadoraldia.com.ec\/index.php?rest_route=%2Fwp%2Fv2%2Ftags&post=4433"}],"curies":[{"name":"wp","href":"https:\/\/api.w.org\/{rel}","templated":true}]}}