{"id":4436,"date":"2014-08-18T12:27:34","date_gmt":"2014-08-18T12:27:34","guid":{"rendered":"http:\/\/www.ecuadoraldia.com.ec\/?p=4436"},"modified":"2014-08-18T12:27:34","modified_gmt":"2014-08-18T12:27:34","slug":"assange-asegura-que-dejara-pronto-la-embajada-de-ecuador-en-londres","status":"publish","type":"post","link":"https:\/\/www.ecuadoraldia.com.ec\/?p=4436","title":{"rendered":"Assange asegura que dejar\u00e1 pronto la embajada de Ecuador en Londres"},"content":{"rendered":"<p><a href=\"http:\/\/www.ecuadoraldia.com.ec\/wp-content\/uploads\/2014\/08\/asann.gif\"><img loading=\"lazy\" decoding=\"async\" class=\"alignleft size-medium wp-image-4437\" src=\"http:\/\/www.ecuadoraldia.com.ec\/wp-content\/uploads\/2014\/08\/asann-300x172.gif\" alt=\"asann\" width=\"300\" height=\"172\" srcset=\"https:\/\/www.ecuadoraldia.com.ec\/wp-content\/uploads\/2014\/08\/asann-300x172.gif 300w, https:\/\/www.ecuadoraldia.com.ec\/wp-content\/uploads\/2014\/08\/asann-1024x589.gif 1024w\" sizes=\"(max-width: 300px) 100vw, 300px\" \/><\/a>El fundador de WikiLeaks, Julian Assange, asegur\u00f3 este lunes en una rueda de prensa que abandonar\u00e1 \u00abpronto\u00bb la embajada de Ecuador en Londres, donde est\u00e1 refugiado desde hace 26 meses para evitar una extradici\u00f3n a Suecia.<\/p>\n<p>\u00abPuedo confirmar que me ir\u00e9 de la embajada pronto\u00bb, declar\u00f3 Assange, antes de precisar que su salida no se deber\u00e1 a las razones \u00abpublicadas en la prensa (del grupo) de Murdoch\u00bb, que la v\u00edspera public\u00f3 que tiene presuntos problemas de salud.<\/p>\n<p>La prensa brit\u00e1nica escribi\u00f3 este fin de semana, citando una fuente de WikiLeaks, que el australiano Assange padece arritmia card\u00edaca y problemas de pulm\u00f3n, adem\u00e1s de una presi\u00f3n sangu\u00ednea demasiado alta.<\/p>\n<p>Assange no dio ninguna precisi\u00f3n sobre el momento y la forma en que saldr\u00e1 de la embajada ecuatoriana en Londres.<\/p>\n<p>En su conferencia de prensa, Assange estaba acompa\u00f1ado del ministro ecuatoriano de Relaciones Exteriores, Ricardo Pati\u00f1o.<\/p>\n<p>Protecci\u00f3n sigue<\/p>\n<p>El funcionario ecuatoriano no habl\u00f3 de ning\u00fan plan para sacar a Assange de la embajada, pero llam\u00f3 a actuar a todos los gobiernos implicados en el caso, haciendo valer que dos a\u00f1os \u00abes demasiado\u00bb.<\/p>\n<p>El canciller dijo que su gobierno sigue ofreciendo protecci\u00f3n a Assange, y que est\u00e1 dispuesto a hablar con los gobiernos brit\u00e1nico y sueco para encontrar una soluci\u00f3n al caso del fundador de WikiLeaks, especializado en la divulgaci\u00f3n de informaci\u00f3n confidencial.<\/p>\n<p>El ministro apunt\u00f3 al lanzamiento de una campa\u00f1a internacional por la liberaci\u00f3n de Assange, sin dar precisiones.<\/p>\n<p>El fundador de WikiLeaks vive en la embajada ecuatoriana desde junio de 2012, y ha agotado todos los recursos jur\u00eddicos para evitar la ejecuci\u00f3n de una orden de arresto emitida por Suecia.<\/p>\n<p>Assange niega las acusaciones de agresi\u00f3n sexual presentadas en su contra por dos j\u00f3venes suecas. Adem\u00e1s dice temer que, en caso de entregarse a la justicia sueca, sea luego entregado a Estados Unidos, para responder por la publicaci\u00f3n de cientos de miles de documentos secretos del ej\u00e9rcito y el gobierno norteamericanos.<\/p>\n<p>A mediados de julio, un tribunal de Estocolmo mantuvo la orden de arresto contra Assange, echando un jarro de agua fr\u00eda a las esperanzas de resoluci\u00f3n de una saga judicial que dura ya cuatro a\u00f1os. AFP<\/p>\n","protected":false},"excerpt":{"rendered":"<p>El fundador de WikiLeaks, Julian Assange, asegur\u00f3 este lunes en una rueda de prensa que abandonar\u00e1 \u00abpronto\u00bb la embajada de<\/p>\n","protected":false},"author":1,"featured_media":0,"comment_status":"open","ping_status":"open","sticky":false,"template":"","format":"standard","meta":{"footnotes":""},"categories":[3],"tags":[],"_links":{"self":[{"href":"https:\/\/www.ecuadoraldia.com.ec\/index.php?rest_route=\/wp\/v2\/posts\/4436"}],"collection":[{"href":"https:\/\/www.ecuadoraldia.com.ec\/index.php?rest_route=\/wp\/v2\/posts"}],"about":[{"href":"https:\/\/www.ecuadoraldia.com.ec\/index.php?rest_route=\/wp\/v2\/types\/post"}],"author":[{"embeddable":true,"href":"https:\/\/www.ecuadoraldia.com.ec\/index.php?rest_route=\/wp\/v2\/users\/1"}],"replies":[{"embeddable":true,"href":"https:\/\/www.ecuadoraldia.com.ec\/index.php?rest_route=%2Fwp%2Fv2%2Fcomments&post=4436"}],"version-history":[{"count":1,"href":"https:\/\/www.ecuadoraldia.com.ec\/index.php?rest_route=\/wp\/v2\/posts\/4436\/revisions"}],"predecessor-version":[{"id":4438,"href":"https:\/\/www.ecuadoraldia.com.ec\/index.php?rest_route=\/wp\/v2\/posts\/4436\/revisions\/4438"}],"wp:attachment":[{"href":"https:\/\/www.ecuadoraldia.com.ec\/index.php?rest_route=%2Fwp%2Fv2%2Fmedia&parent=4436"}],"wp:term":[{"taxonomy":"category","embeddable":true,"href":"https:\/\/www.ecuadoraldia.com.ec\/index.php?rest_route=%2Fwp%2Fv2%2Fcategories&post=4436"},{"taxonomy":"post_tag","embeddable":true,"href":"https:\/\/www.ecuadoraldia.com.ec\/index.php?rest_route=%2Fwp%2Fv2%2Ftags&post=4436"}],"curies":[{"name":"wp","href":"https:\/\/api.w.org\/{rel}","templated":true}]}}